{"id":67959,"date":"2025-12-08T12:57:48","date_gmt":"2025-12-08T12:57:48","guid":{"rendered":"https:\/\/www.danceforyou-magazine.com\/?p=67959"},"modified":"2026-04-16T07:21:42","modified_gmt":"2026-04-16T07:21:42","slug":"ivan-alboresi-wird-neuer-ballettdirektor-am-landestheater-detmold","status":"publish","type":"post","link":"https:\/\/www.danceforyou-magazine.com\/en\/ivan-alboresi-wird-neuer-ballettdirektor-am-landestheater-detmold\/","title":{"rendered":"Ivan Alboresi wird neuer Ballettdirektor am Landestheater Detmold"},"content":{"rendered":"<p>Mit Beginn der Spielzeit 2026\/27 \u00fcbernimmt Ivan Alboresi die Ballettdirektion am Landestheater Detmold und folgt damit auf Katharina Torwesten. Intendantin Kirsten Uttendorf zeigt sich hoch erfreut \u00fcber die k\u00fcnftige Zusammenarbeit: \u201eIvan Alboresi hat sich in der Ballettwelt in den vergangenen Jahren einen Namen gemacht und ich bin sehr froh, ihn als Ballettdirektor f\u00fcr das Landestheater Detmold gewonnen zu haben. Als ehemaliger T\u00e4nzer und erfahrener, kreativer Choreograf wird er das k\u00fcnstlerische Leitungsteam bereichern und gemeinsam mit der Kompanie neue Wege gehen. Auf diese Impulse freuen wir uns sehr und blicken einer profilierten, k\u00fcnstlerisch erstklassigen Zukunft entgegen.\u201c<\/p>\n<p>Auch Alboresi selbst sieht seinem neuen Wirkungsfeld mit gro\u00dfer Vorfreude entgegen: \u201eIch freue mich sehr auf die Arbeit hier am Landestheater Detmold und darauf, Teil des inspirierenden k\u00fcnstlerischen Leitungsteams zu werden. Mein Ziel ist es, ein starkes, vielseitiges Ensemble aufzubauen, das mit eigener k\u00fcnstlerischer Stimme neue Horizonte entdeckt, \u00fcberregional strahlt und Detmold fest in der Ballettwelt verankert. Mit meinen eigenen Kreationen und den Arbeiten spannender Gastchoreograf*innen m\u00f6chte ich die Vielfalt des Tanzes emotional erlebbar machen. Meine Arbeit soll eine Einladung sein, Altbekanntes neu zu sehen und Neues mit Neugier zu erfahren.\u201c<\/p>\n<p>Seit der Spielzeit 2016\/17 pr\u00e4gt Alboresi als Ballettdirektor und Hauschoreograf das Ballett TN LOS! am Theater Nordhausen. Dort entwickelte er Neuinterpretationen gro\u00dfer Klassiker wie <em>Schwanensee<\/em>, <em>Cinderella<\/em>, <em>Dornr\u00f6schen<\/em> und zuletzt <em>Giselle<\/em>. Parallel setzte er markante zeitgen\u00f6ssische Akzente \u2013 unter anderem mit Arbeiten zu <em>Ein deutsches Requiem<\/em>, <em>Winterreise<\/em>, <em>Der Tod und das M\u00e4dchen<\/em>, <em>Verkl\u00e4rte Nacht<\/em> sowie einer Stravinsky-Trilogie. In weiteren Produktionen widmete er sich K\u00fcnstlerpers\u00f6nlichkeiten wie Virginia Woolf, Caspar David Friedrich und Johann Paul von Westhoff.<\/p>\n<p>Alboresi gelang es zudem, international renommierte Choreograf*innen wie Martin Harriague, Adi Salant, Douglas Lee und Itzik Galili nach Nordhausen zu holen. Die Qualit\u00e4t seines Ensembles fand 2023 \u00fcberregionale Anerkennung mit einer Nominierung als \u201eKompanie des Jahres\u201c der Fachzeitschrift <em>TANZ<\/em>.<\/p>\n<p>Ausgebildet am Liceo Coreutico del Teatro Nuovo in Turin und an der John Cranko Akademie Stuttgart, blickt Alboresi auf eine 19-j\u00e4hrige T\u00e4nzerkarriere an renommierten H\u00e4usern wie dem Mainfranken Theater W\u00fcrzburg, dem Staatstheater Wiesbaden und dem Theater St. Gallen zur\u00fcck. Von 2014 bis 2016 arbeitete er freischaffend als Choreograf und Regisseur an der Op\u00e9ra C\u00f4te d\u2019Azur Nice, am Theater Erfurt, Theater Ulm, Theater Hof und am Landestheater Linz. Zu seinen Musiktheater-Inszenierungen z\u00e4hlen die deutsche Erstauff\u00fchrung von <em>Jane Eyre<\/em>, zudem <em>Kiss me, Kate!<\/em>, <em>Cabaret<\/em>, <em>Sunset Boulevard<\/em>, <em>Tristan und Isolde<\/em>, <em>Die Maske in Blau<\/em> und <em>Die Fledermaus<\/em>. F\u00fcr seine choreografische wie szenische Arbeit wurde Alboresi mehrfach ausgezeichnet.<\/p>\n<p>Mit seinem Wechsel nach Detmold k\u00fcndigt sich ein deutlicher k\u00fcnstlerischer Aufbruch an \u2013 einer, der das Ballett des Landestheaters k\u00fcnftig sichtbarer, vielseitiger und zeitgen\u00f6ssisch profilierter machen d\u00fcrfte.<\/p>\n","protected":false},"excerpt":{"rendered":"<p>Mit Beginn der Spielzeit 2026\/27 \u00fcbernimmt Ivan Alboresi die Ballettdirektion am Landestheater Detmold und folgt damit auf Katharina Torwesten. Intendantin Kirsten Uttendorf zeigt sich hoch erfreut \u00fcber die k\u00fcnftige Zusammenarbeit: \u201eIvan Alboresi hat sich in der Ballettwelt in den vergangenen Jahren einen Namen gemacht und ich bin sehr froh, ihn als Ballettdirektor f\u00fcr das Landestheater [&hellip;]<\/p>\n","protected":false},"author":3008,"featured_media":67960,"comment_status":"closed","ping_status":"closed","sticky":false,"template":"","format":"standard","meta":{"_acf_changed":false,"footnotes":""},"categories":[67],"tags":[],"class_list":["post-67959","post","type-post","status-publish","format-standard","has-post-thumbnail","hentry","category-newsroom"],"acf":[],"_links":{"self":[{"href":"https:\/\/www.danceforyou-magazine.com\/en\/wp-json\/wp\/v2\/posts\/67959","targetHints":{"allow":["GET"]}}],"collection":[{"href":"https:\/\/www.danceforyou-magazine.com\/en\/wp-json\/wp\/v2\/posts"}],"about":[{"href":"https:\/\/www.danceforyou-magazine.com\/en\/wp-json\/wp\/v2\/types\/post"}],"author":[{"embeddable":true,"href":"https:\/\/www.danceforyou-magazine.com\/en\/wp-json\/wp\/v2\/users\/3008"}],"replies":[{"embeddable":true,"href":"https:\/\/www.danceforyou-magazine.com\/en\/wp-json\/wp\/v2\/comments?post=67959"}],"version-history":[{"count":1,"href":"https:\/\/www.danceforyou-magazine.com\/en\/wp-json\/wp\/v2\/posts\/67959\/revisions"}],"predecessor-version":[{"id":67962,"href":"https:\/\/www.danceforyou-magazine.com\/en\/wp-json\/wp\/v2\/posts\/67959\/revisions\/67962"}],"wp:featuredmedia":[{"embeddable":true,"href":"https:\/\/www.danceforyou-magazine.com\/en\/wp-json\/wp\/v2\/media\/67960"}],"wp:attachment":[{"href":"https:\/\/www.danceforyou-magazine.com\/en\/wp-json\/wp\/v2\/media?parent=67959"}],"wp:term":[{"taxonomy":"category","embeddable":true,"href":"https:\/\/www.danceforyou-magazine.com\/en\/wp-json\/wp\/v2\/categories?post=67959"},{"taxonomy":"post_tag","embeddable":true,"href":"https:\/\/www.danceforyou-magazine.com\/en\/wp-json\/wp\/v2\/tags?post=67959"}],"curies":[{"name":"wp","href":"https:\/\/api.w.org\/{rel}","templated":true}]}}