{"id":66920,"date":"2025-07-10T09:39:28","date_gmt":"2025-07-10T09:39:28","guid":{"rendered":"https:\/\/www.danceforyou-magazine.com\/?p=66920"},"modified":"2026-04-16T07:21:46","modified_gmt":"2026-04-16T07:21:46","slug":"die-welt-tanzt-in-dresden-100-jahre-palucca-hochschule","status":"publish","type":"post","link":"https:\/\/www.danceforyou-magazine.com\/en\/die-welt-tanzt-in-dresden-100-jahre-palucca-hochschule\/","title":{"rendered":"Die Welt tanzt in Dresden \u2013 100 Jahre Palucca Hochschule"},"content":{"rendered":"<p>Die Kamera \u00f6ffnet den Vorhang zu einer Welt, in der Bewegung zur Sprache wird und Tanz die Grenzen von Herkunft und Sprache \u00fcberwindet. Die MDR-Dokumentation \u201eDie Welt tanzt in Dresden\u201c begleitet junge T\u00e4nzerinnen und T\u00e4nzer aus aller Welt, die mit Leidenschaft und Disziplin ihren Weg an der Palucca Hochschule f\u00fcr Tanz gehen \u2013 einer Institution, die seit einem Jahrhundert f\u00fcr k\u00fcnstlerische Freiheit und Ausdruckskraft steht.<\/p>\n<p>Der Film zeigt den Alltag der Eleven: fr\u00fches Aufstehen, schmerzende Muskeln, Momente des Zweifelns und der Euphorie. Die B\u00fchne wird zum Ziel, der Tanz zum Lebensinhalt. Parallel entfaltet sich die Geschichte der Gr\u00fcnderin Gret Palucca, deren Vision bis heute das p\u00e4dagogische und k\u00fcnstlerische Selbstverst\u00e4ndnis der Hochschule pr\u00e4gt.<\/p>\n<p>Regisseur Lutz Pehnert gelingt ein sensibles Portr\u00e4t einer Generation, die mit dem K\u00f6rper spricht und mit dem Herzen tanzt. Die Dokumentation verzichtet auf Pathos, setzt auf N\u00e4he und Authentizit\u00e4t. Sie zeigt, wie aus kindlichen Tr\u00e4umen k\u00fcnstlerische Karrieren entstehen \u2013 mitten in Sachsen und doch mit Blick auf die Welt.<\/p>\n<p>\u201eDie Welt tanzt in Dresden\u201c ist mehr als ein Jubil\u00e4umsfilm. Es ist ein Pl\u00e4doyer f\u00fcr Hingabe, f\u00fcr Gemeinschaft und f\u00fcr die Kraft des Tanzes, Menschen zu verbinden.<\/p>\n<h5>\ud83d\udcfa Der Film ist in der ARD Mediathek bis Juni 2026 verf\u00fcgbar <a href=\"https:\/\/1.ard.de\/palucca100\">https:\/\/1.ard.de\/palucca100<\/a><\/h5>\n<p>MDR | 2025 | 57 Min.<br \/>\nBuch &amp; Regie: Lutz Pehnert<br \/>\nProduktionsleitung: Andr\u00e9 Feiereis (MDR)<br \/>\nProduzentin: Susann Schimk<br \/>\nRedaktion: Rosa Maria Hopp (MDR), Matthias Morgenthaler (MDR)<br \/>\nLeitung: Jana Cebulla<br \/>\nEine Produktion von Solofilm im Auftrag des MDR, Mitteldeutscher Rundfunk<br \/>\nBildrechte: MDR\/Erik Johannsen<\/p>\n","protected":false},"excerpt":{"rendered":"<p>Die Kamera \u00f6ffnet den Vorhang zu einer Welt, in der Bewegung zur Sprache wird und Tanz die Grenzen von Herkunft und Sprache \u00fcberwindet. Die MDR-Dokumentation \u201eDie Welt tanzt in Dresden\u201c begleitet junge T\u00e4nzerinnen und T\u00e4nzer aus aller Welt, die mit Leidenschaft und Disziplin ihren Weg an der Palucca Hochschule f\u00fcr Tanz gehen \u2013 einer Institution, [&hellip;]<\/p>\n","protected":false},"author":3008,"featured_media":66921,"comment_status":"closed","ping_status":"closed","sticky":false,"template":"","format":"standard","meta":{"_acf_changed":false,"footnotes":""},"categories":[67],"tags":[],"class_list":["post-66920","post","type-post","status-publish","format-standard","has-post-thumbnail","hentry","category-newsroom"],"acf":[],"_links":{"self":[{"href":"https:\/\/www.danceforyou-magazine.com\/en\/wp-json\/wp\/v2\/posts\/66920","targetHints":{"allow":["GET"]}}],"collection":[{"href":"https:\/\/www.danceforyou-magazine.com\/en\/wp-json\/wp\/v2\/posts"}],"about":[{"href":"https:\/\/www.danceforyou-magazine.com\/en\/wp-json\/wp\/v2\/types\/post"}],"author":[{"embeddable":true,"href":"https:\/\/www.danceforyou-magazine.com\/en\/wp-json\/wp\/v2\/users\/3008"}],"replies":[{"embeddable":true,"href":"https:\/\/www.danceforyou-magazine.com\/en\/wp-json\/wp\/v2\/comments?post=66920"}],"version-history":[{"count":3,"href":"https:\/\/www.danceforyou-magazine.com\/en\/wp-json\/wp\/v2\/posts\/66920\/revisions"}],"predecessor-version":[{"id":66925,"href":"https:\/\/www.danceforyou-magazine.com\/en\/wp-json\/wp\/v2\/posts\/66920\/revisions\/66925"}],"wp:featuredmedia":[{"embeddable":true,"href":"https:\/\/www.danceforyou-magazine.com\/en\/wp-json\/wp\/v2\/media\/66921"}],"wp:attachment":[{"href":"https:\/\/www.danceforyou-magazine.com\/en\/wp-json\/wp\/v2\/media?parent=66920"}],"wp:term":[{"taxonomy":"category","embeddable":true,"href":"https:\/\/www.danceforyou-magazine.com\/en\/wp-json\/wp\/v2\/categories?post=66920"},{"taxonomy":"post_tag","embeddable":true,"href":"https:\/\/www.danceforyou-magazine.com\/en\/wp-json\/wp\/v2\/tags?post=66920"}],"curies":[{"name":"wp","href":"https:\/\/api.w.org\/{rel}","templated":true}]}}