{"id":57577,"date":"2023-12-05T10:13:28","date_gmt":"2023-12-05T10:13:28","guid":{"rendered":"https:\/\/www.danceforyou-magazine.com\/?p=57577"},"modified":"2026-04-16T07:25:41","modified_gmt":"2026-04-16T07:25:41","slug":"karl-regensburger-erhaelt-kanadischen-ehrenpreis","status":"publish","type":"post","link":"https:\/\/www.danceforyou-magazine.com\/en\/karl-regensburger-erhaelt-kanadischen-ehrenpreis\/","title":{"rendered":"Karl Regensburger erh\u00e4lt kanadischen Ehrenpreis"},"content":{"rendered":"<p>Der diesj\u00e4hrige Prix de la Danse de Montr\u00e9al 2023 in der Kategorie \u201eContribution Exceptionelle\u201c, der das au\u00dfergew\u00f6hnliche Engagement von Einzelpersonen f\u00fcr den Tanz auszeichnet, wurde am 28. November 2023 an ImPulsTanz-Intendant Karl Regensburger verliehen.<\/p>\n<p>Am 28. November 2023 wurden im Studio-Th\u00e9\u00e2tre des Grands Ballets Canadiens in Montreal, Kanada, die Gewinner*innen des diesj\u00e4hrigen Prix de la Danse de Montr\u00e9al 2023 bekanntgegeben. Karl Regensburger, Intendant des ImPulsTanz \u2013 Vienna International Dance Festival, wurde in der Kategorie \u201eContribution Exceptionelle\u201c zum Gewinner gek\u00fcrt.<\/p>\n<p>\u201eSein unerm\u00fcdliches Engagement f\u00fcr den zeitgen\u00f6ssischen Tanz hat die Seele dieses gro\u00dfen Wiener Festivals gepr\u00e4gt und es zu einem Ort gemacht, an dem sich Kreativit\u00e4t, Innovation und k\u00fcnstlerischer Ausdruck entfalten k\u00f6nnen. Seine Leidenschaft f\u00fcr die Kunst des Tanzes hat Generationen von K\u00fcnstler*innen und Zuschauer*innen inspiriert und ein bleibendes Verm\u00e4chtnis in der Welt des Tanzes geschaffen. Dieser Preis f\u00fcr herausragende Leistungen ist eine geb\u00fchrende Anerkennung f\u00fcr seine harte Arbeit und seine Vision, die unser Leben und unsere k\u00fcnstlerische Kultur unermesslich bereichert haben, indem sie der Tanzszene in Quebec auf diesem Festival stets einen Ehrenplatz einr\u00e4umten\u201c, so das Statement des\u00a0<strong>Board of Directors des Prix de la Danse de Montr\u00e9al<\/strong>\u00a0zur Entscheidung.<\/p>\n<p><strong>Karl Regenburgers<\/strong>\u00a0Dank gilt vor allem den vielen kanadischen K\u00fcnstler*innen, denn \u201eohne die beeindruckende Vielfalt und k\u00fcnstlerische Brillanz unserer langj\u00e4hrigen kanadischen Wegbegleiter*innen wie \u00c9douard Lock + La La La Human Steps, Marie Chouinard und ihre Compagnie, Louise Lecavalier, Beno\u00eet Lachambre, Dave St. Pierre, Clara Furey, Dana Michel und in j\u00fcngster Zeit auch Ang\u00e9lique Willkie, M\u00e9lanie Demers oder Lara Kramer, um nur einige zu nennen, w\u00e4re ein internationales Festival um einige seiner bemerkenswertesten Stimmen \u00e4rmer\u201c.<\/p>\n<p>Der Prix de la Danse de Montr\u00e9al wurde 2011 ins Leben gerufen und zielt darauf ab, Montreal als internationales Zentrum des Tanzschaffens und der Tanzpr\u00e4sentation zu f\u00f6rdern und Pers\u00f6nlichkeiten, Organisationen und Institutionen dieser Disziplin zu w\u00fcrdigen.<\/p>\n","protected":false},"excerpt":{"rendered":"<p>Der diesj\u00e4hrige Prix de la Danse de Montr\u00e9al 2023 in der Kategorie \u201eContribution Exceptionelle\u201c, der das au\u00dfergew\u00f6hnliche Engagement von Einzelpersonen f\u00fcr den Tanz auszeichnet, wurde am 28. November 2023 an ImPulsTanz-Intendant Karl Regensburger verliehen. Am 28. November 2023 wurden im Studio-Th\u00e9\u00e2tre des Grands Ballets Canadiens in Montreal, Kanada, die Gewinner*innen des diesj\u00e4hrigen Prix de la [&hellip;]<\/p>\n","protected":false},"author":5,"featured_media":57578,"comment_status":"closed","ping_status":"closed","sticky":false,"template":"","format":"standard","meta":{"_acf_changed":false,"footnotes":""},"categories":[67],"tags":[],"class_list":["post-57577","post","type-post","status-publish","format-standard","has-post-thumbnail","hentry","category-newsroom"],"acf":[],"_links":{"self":[{"href":"https:\/\/www.danceforyou-magazine.com\/en\/wp-json\/wp\/v2\/posts\/57577","targetHints":{"allow":["GET"]}}],"collection":[{"href":"https:\/\/www.danceforyou-magazine.com\/en\/wp-json\/wp\/v2\/posts"}],"about":[{"href":"https:\/\/www.danceforyou-magazine.com\/en\/wp-json\/wp\/v2\/types\/post"}],"author":[{"embeddable":true,"href":"https:\/\/www.danceforyou-magazine.com\/en\/wp-json\/wp\/v2\/users\/5"}],"replies":[{"embeddable":true,"href":"https:\/\/www.danceforyou-magazine.com\/en\/wp-json\/wp\/v2\/comments?post=57577"}],"version-history":[{"count":1,"href":"https:\/\/www.danceforyou-magazine.com\/en\/wp-json\/wp\/v2\/posts\/57577\/revisions"}],"predecessor-version":[{"id":57579,"href":"https:\/\/www.danceforyou-magazine.com\/en\/wp-json\/wp\/v2\/posts\/57577\/revisions\/57579"}],"wp:featuredmedia":[{"embeddable":true,"href":"https:\/\/www.danceforyou-magazine.com\/en\/wp-json\/wp\/v2\/media\/57578"}],"wp:attachment":[{"href":"https:\/\/www.danceforyou-magazine.com\/en\/wp-json\/wp\/v2\/media?parent=57577"}],"wp:term":[{"taxonomy":"category","embeddable":true,"href":"https:\/\/www.danceforyou-magazine.com\/en\/wp-json\/wp\/v2\/categories?post=57577"},{"taxonomy":"post_tag","embeddable":true,"href":"https:\/\/www.danceforyou-magazine.com\/en\/wp-json\/wp\/v2\/tags?post=57577"}],"curies":[{"name":"wp","href":"https:\/\/api.w.org\/{rel}","templated":true}]}}