{"id":57085,"date":"2023-09-11T16:09:43","date_gmt":"2023-09-11T16:09:43","guid":{"rendered":"https:\/\/www.danceforyou-magazine.com\/?p=57085"},"modified":"2026-04-16T07:25:43","modified_gmt":"2026-04-16T07:25:43","slug":"nachruf-arlette-van-boven-johaar-mosaval-und-jevgeny-neff-gestorben","status":"publish","type":"post","link":"https:\/\/www.danceforyou-magazine.com\/en\/nachruf-arlette-van-boven-johaar-mosaval-und-jevgeny-neff-gestorben\/","title":{"rendered":"Nachruf: Arlette van Boven, Johaar Mosaval und Jevgeny Neff gestorben"},"content":{"rendered":"<p>Die niederl\u00e4ndische T\u00e4nzerin <strong>Arlette van Boven <\/strong>(\u00a9 Ineke Oostveen\/ANP) , die sehr lange dem Nederlands Dans Theater verbunden war, ist am 9. August im Alter von 80 Jahren verstorben. Sie begann sie ihre Karriere an De Vlaamse Opera und tanzte dann u.a. beim Ballet du XXe Si\u00e8cle von Maurice B\u00e9jart. 1969 wechselte sie zum NDT, wo sie zw\u00f6lf Jahre lang tanzte. 1981 \u00fcbernahm sie die k\u00fcnstlerische Leitung der Nachwuchsabteilung \u201eDe Springplank\u201c, die in der Folge Zu den NDT Juniors und dann zum NDT 2 wurde. 1990 \u00fcbergab sie die k\u00fcnstlerische Leitung des NDT 2 an Gerald Tibbs. Van Boven war au\u00dferdem mehrere Jahre lang Koordinator der Seniorenkompanie NDT 3 und arbeitete regelm\u00e4\u00dfig als internationale Lehrerin und Coach. F\u00fcr ihre Verdienste wurde sie zum Ritter des Ordens von Oranien-Nassau ernannt.<\/p>\n<figure id=\"attachment_57087\" aria-describedby=\"caption-attachment-57087\" style=\"width: 451px\" class=\"wp-caption alignnone\"><img loading=\"lazy\" decoding=\"async\" class=\"wp-image-57087 size-full\" src=\"https:\/\/www.danceforyou-magazine.com\/wp-content\/uploads\/2023\/09\/johaar-mosaval-6415ad64-7d54-45cb-b365-fddf6171553-resize-750.webp\" alt=\"\" width=\"451\" height=\"702\" srcset=\"https:\/\/www.danceforyou-magazine.com\/wp-content\/uploads\/2023\/09\/johaar-mosaval-6415ad64-7d54-45cb-b365-fddf6171553-resize-750.webp 451w, https:\/\/www.danceforyou-magazine.com\/wp-content\/uploads\/2023\/09\/johaar-mosaval-6415ad64-7d54-45cb-b365-fddf6171553-resize-750-193x300.webp 193w, https:\/\/www.danceforyou-magazine.com\/wp-content\/uploads\/2023\/09\/johaar-mosaval-6415ad64-7d54-45cb-b365-fddf6171553-resize-750-300x467.webp 300w\" sizes=\"auto, (max-width: 451px) 100vw, 451px\" \/><figcaption id=\"caption-attachment-57087\" class=\"wp-caption-text\">Johaar Mosaval (\u00a9 Zoe Dominic)<\/figcaption><\/figure>\n<p>Am 16. August starb der s\u00fcdafrikanische T\u00e4nzer <strong>Johaar Mosaval<\/strong> (\u00a9 Zoe Dominic) im Alter von 95 Jahren. Er wurde noch w\u00e4hrend des Apartheid-Regimes in S\u00fcdafrika ausgebildet, wo er nicht auftreten durfte, und wechselte, nachdem ihn Alicia Markova und Anton Dolin in S\u00fcdafrika gesehen hatten, mit einem Stipendium zur Sadler\u2019s Wells Ballet School nach London. Von dort wurde er ins Royal Ballet aufgenommen, wo er sp\u00e4ter zum Solisten und 1960 zum Principal Dancer aufstieg. Mosaval war einer der ersten People of Colour, die zu internationalem Ruhm als Ballettt\u00e4nzer aufstiegen. Er tanzte in Werken von Frederick Ashton, Kenneth MacMillan, Ninette de Valois und kreierte u.a. die Rolle des kleinen Clowns Bootface in John Crankos \u201eThe Lady and the Fool\u201c neben Kenneth MacMillan als Moondog. Er war vor allem als Charaktert\u00e4nzer und oft in komischen Rollen im Einsatz. 1976 kehrte er nach S\u00fcdafrika zur\u00fcck, stand dort als erster schwarzer T\u00e4nzer \u00fcberhaupt auf der Ballettb\u00fchne und er\u00f6ffnete seine eigene Ballettschule, die vom Regime wieder geschlossen wurde. Mosaval arbeitete hartn\u00e4ckig weiter als Lehrer und Ballettmeister und bekam sp\u00e4ter zahlreiche s\u00fcdafrikanische Auszeichnungen verliehen, er starb als ein hochverehrter Pionier des s\u00fcdafrikanischen Balletts.<\/p>\n<p><strong>Jewgeny Neff<\/strong>, bis 1997 Erster Solist des Mariinsky- bzw. damals noch Kirov-Balletts, ist Anfang Juli im Alter von 69 Jahren verstorben, wie die Kompanie in St. Petersburg auf ihrer Webseite vermeldete. Bekannt wurde er als Conrad in der Verfilmung von &#8220;Le Corsaire&#8221; des Kirov-Balletts aus dem Jahr 1989, neben Altynai Asylmuratova und Farukh Ruzimatov. Neff wurde in Tallinn in Estland ausgebildet, tanzte dort und in Perm, bevor er 1980 ans Kirov kam. Nach seinem B\u00fchnenabschied arbeitete er u.a. als Ballettmeister und Coach beim Universal Ballet in S\u00fcdkorea.<\/p>\n<p>&nbsp;<\/p>\n<p>&nbsp;<\/p>\n","protected":false},"excerpt":{"rendered":"<p>Die niederl\u00e4ndische T\u00e4nzerin Arlette van Boven (\u00a9 Ineke Oostveen\/ANP) , die sehr lange dem Nederlands Dans Theater verbunden war, ist am 9. August im Alter von 80 Jahren verstorben. Sie begann sie ihre Karriere an De Vlaamse Opera und tanzte dann u.a. beim Ballet du XXe Si\u00e8cle von Maurice B\u00e9jart. 1969 wechselte sie zum NDT, [&hellip;]<\/p>\n","protected":false},"author":5,"featured_media":57086,"comment_status":"closed","ping_status":"closed","sticky":false,"template":"","format":"standard","meta":{"_acf_changed":false,"footnotes":""},"categories":[67],"tags":[],"class_list":["post-57085","post","type-post","status-publish","format-standard","has-post-thumbnail","hentry","category-newsroom"],"acf":[],"_links":{"self":[{"href":"https:\/\/www.danceforyou-magazine.com\/en\/wp-json\/wp\/v2\/posts\/57085","targetHints":{"allow":["GET"]}}],"collection":[{"href":"https:\/\/www.danceforyou-magazine.com\/en\/wp-json\/wp\/v2\/posts"}],"about":[{"href":"https:\/\/www.danceforyou-magazine.com\/en\/wp-json\/wp\/v2\/types\/post"}],"author":[{"embeddable":true,"href":"https:\/\/www.danceforyou-magazine.com\/en\/wp-json\/wp\/v2\/users\/5"}],"replies":[{"embeddable":true,"href":"https:\/\/www.danceforyou-magazine.com\/en\/wp-json\/wp\/v2\/comments?post=57085"}],"version-history":[{"count":1,"href":"https:\/\/www.danceforyou-magazine.com\/en\/wp-json\/wp\/v2\/posts\/57085\/revisions"}],"predecessor-version":[{"id":57088,"href":"https:\/\/www.danceforyou-magazine.com\/en\/wp-json\/wp\/v2\/posts\/57085\/revisions\/57088"}],"wp:featuredmedia":[{"embeddable":true,"href":"https:\/\/www.danceforyou-magazine.com\/en\/wp-json\/wp\/v2\/media\/57086"}],"wp:attachment":[{"href":"https:\/\/www.danceforyou-magazine.com\/en\/wp-json\/wp\/v2\/media?parent=57085"}],"wp:term":[{"taxonomy":"category","embeddable":true,"href":"https:\/\/www.danceforyou-magazine.com\/en\/wp-json\/wp\/v2\/categories?post=57085"},{"taxonomy":"post_tag","embeddable":true,"href":"https:\/\/www.danceforyou-magazine.com\/en\/wp-json\/wp\/v2\/tags?post=57085"}],"curies":[{"name":"wp","href":"https:\/\/api.w.org\/{rel}","templated":true}]}}