{"id":56082,"date":"2023-02-27T10:40:10","date_gmt":"2023-02-27T10:40:10","guid":{"rendered":"https:\/\/www.danceforyou-magazine.com\/?p=56082"},"modified":"2026-04-16T07:25:50","modified_gmt":"2026-04-16T07:25:50","slug":"pa-cuba-me-voy-auf-nach-kuba","status":"publish","type":"post","link":"https:\/\/www.danceforyou-magazine.com\/en\/pa-cuba-me-voy-auf-nach-kuba\/","title":{"rendered":"PA CUBA ME VOY \u2013 AUF NACH KUBA!"},"content":{"rendered":"<h3><em>Ein Jugendkulturaustausch zwischen Berlin und Havanna<\/em><\/h3>\n<p style=\"text-align: right;\"><em>von Ralf Stabel<\/em><\/p>\n<p><strong>Alexander von Humboldt tr\u00e4umte als Jugendlicher von einer Reise in die weite Welt. Sein Zuhause in Tegel \u2013 damals bei Berlin, heute in Berlin \u2013 nannte er \u201eSchloss Langeweile\u201c. 1799 ist es dann endlich soweit. Mit seinem Freund Aim\u00e9 Bonpland startet er in die Neue Welt. Im Dezember 1800 kommt er nach seiner legend\u00e4ren S\u00fcd-Amerika-Tour in Havanna an. Da war er 31 Jahre alt.\u00a0<\/strong><strong>So lange mussten die Berliner Teilnehmenden am Jugendkulturaustausch \u201e#HavannaundBerlintanzen\u201c nicht warten. Die Zwanzig, die mit ihren Begleiter*innen nach Havanna fuhren, waren im Alter zwischen 13 und 19 Jahren. Was sie mit dem jungen Alexander allerdings verbindet, ist, dass auch sie alle das erste Mal auf Kuba waren.<\/strong><\/p>\n<p><em>\u00a0<\/em>Nach einer Woche Training und gemeinsamen Proben mit Sch\u00fcler*innen von Lizt Alfonso Dance Cuba stehen dann am 4. Februar 2023 \u00fcber 250 Kinder und Jugendliche in den Gassen des Amphitheaters in Alt-Havanna und warten auf ihren Auftritt f\u00fcr die Show \u201eBerlin \u2013 Havanna, Sue\u00f1o de Luz\u201c.<br \/>\nHeidrun Tempel, Botschafterin der Bundesrepublik Deutschland, begr\u00fc\u00dft das Publikum und w\u00fcrdigt diesen Jugendkulturaustausch einleitend mit den Worten: \u201eEin Projekt der Deutschen Botschaft, das mit viel Liebe und Engagement seit \u00fcber einem Jahr vorbereitet wurde. Der Weg dorthin und das Ergebnis sind in jeder Hinsicht einzigartig und brillant!\u201c<\/p>\n<p><em>Foto:<\/em><br \/>\n<em>Das Opening von \u201eBerlin \u2013 Havanna, Sue\u00f1o de Luz\u201c im Amphitheater in Havanna, \u00a9 Roberto D&#8217;Este\u00a0<\/em><\/p>\n<p><img loading=\"lazy\" decoding=\"async\" class=\"alignnone size-full wp-image-56089\" src=\"https:\/\/www.danceforyou-magazine.com\/wp-content\/uploads\/2023\/02\/Das-Opening-von-\u201eBerlin-\u2013-Havanna-Sueno-de-Luz-im-Amphitheater-in-Havanna_Fotograf_Roberto_DEste-.jpg\" alt=\"\" width=\"1175\" height=\"783\" srcset=\"https:\/\/www.danceforyou-magazine.com\/wp-content\/uploads\/2023\/02\/Das-Opening-von-\u201eBerlin-\u2013-Havanna-Sueno-de-Luz-im-Amphitheater-in-Havanna_Fotograf_Roberto_DEste-.jpg 1175w, https:\/\/www.danceforyou-magazine.com\/wp-content\/uploads\/2023\/02\/Das-Opening-von-\u201eBerlin-\u2013-Havanna-Sueno-de-Luz-im-Amphitheater-in-Havanna_Fotograf_Roberto_DEste--300x200.jpg 300w, https:\/\/www.danceforyou-magazine.com\/wp-content\/uploads\/2023\/02\/Das-Opening-von-\u201eBerlin-\u2013-Havanna-Sueno-de-Luz-im-Amphitheater-in-Havanna_Fotograf_Roberto_DEste--1024x682.jpg 1024w, https:\/\/www.danceforyou-magazine.com\/wp-content\/uploads\/2023\/02\/Das-Opening-von-\u201eBerlin-\u2013-Havanna-Sueno-de-Luz-im-Amphitheater-in-Havanna_Fotograf_Roberto_DEste--768x512.jpg 768w, https:\/\/www.danceforyou-magazine.com\/wp-content\/uploads\/2023\/02\/Das-Opening-von-\u201eBerlin-\u2013-Havanna-Sueno-de-Luz-im-Amphitheater-in-Havanna_Fotograf_Roberto_DEste--600x400.jpg 600w\" sizes=\"auto, (max-width: 1175px) 100vw, 1175px\" \/><\/p>\n<p><img loading=\"lazy\" decoding=\"async\" class=\"alignnone size-full wp-image-56084\" src=\"https:\/\/www.danceforyou-magazine.com\/wp-content\/uploads\/2023\/02\/Im-Garten-steht-ein-huebscher-Zwerg-im-Herzen-sitzt-der-Frust_-im-Amphitheater-in-Havanna_Fotograf_Roberto_DEste.jpg\" alt=\"\" width=\"1175\" height=\"783\" srcset=\"https:\/\/www.danceforyou-magazine.com\/wp-content\/uploads\/2023\/02\/Im-Garten-steht-ein-huebscher-Zwerg-im-Herzen-sitzt-der-Frust_-im-Amphitheater-in-Havanna_Fotograf_Roberto_DEste.jpg 1175w, https:\/\/www.danceforyou-magazine.com\/wp-content\/uploads\/2023\/02\/Im-Garten-steht-ein-huebscher-Zwerg-im-Herzen-sitzt-der-Frust_-im-Amphitheater-in-Havanna_Fotograf_Roberto_DEste-300x200.jpg 300w, https:\/\/www.danceforyou-magazine.com\/wp-content\/uploads\/2023\/02\/Im-Garten-steht-ein-huebscher-Zwerg-im-Herzen-sitzt-der-Frust_-im-Amphitheater-in-Havanna_Fotograf_Roberto_DEste-1024x682.jpg 1024w, https:\/\/www.danceforyou-magazine.com\/wp-content\/uploads\/2023\/02\/Im-Garten-steht-ein-huebscher-Zwerg-im-Herzen-sitzt-der-Frust_-im-Amphitheater-in-Havanna_Fotograf_Roberto_DEste-768x512.jpg 768w, https:\/\/www.danceforyou-magazine.com\/wp-content\/uploads\/2023\/02\/Im-Garten-steht-ein-huebscher-Zwerg-im-Herzen-sitzt-der-Frust_-im-Amphitheater-in-Havanna_Fotograf_Roberto_DEste-600x400.jpg 600w\" sizes=\"auto, (max-width: 1175px) 100vw, 1175px\" \/><\/p>\n<p><em>Foto:\u00a0 Im Garten steht ein h\u00fcbscher Zwerg, im Herzen sitzt der Frust,\u00a0 im Amphitheater in Havanna, <\/em><br \/>\n<em>\u00a9 Roberto D&#8217;Este<\/em><\/p>\n<p>In der ausverkauften 1.500 Menschen fassenden Arena sitzen neben den vielen Tanz-Fans aus Havanna auch \u201ealles, was Rang und Namen hat\u201c in einer solchen Stadt und bei einem so einmaligen Event nicht fehlen darf.\u00a0 Das Programm ist eine rasante Show mit permanentem Wechsel zwischen T\u00e4nzen aus Berlin und Havanna und f\u00fcr diesen Abend gemeinsam erarbeiteten Choreografien. Zur Hymne wird dabei der Song \u201eMambo von Mambuso\u201c. Mambuso ist eine \u00fcberlebensgro\u00dfe Fantasie-Figur, in der tanzend (J\u00f6rn) Brumme steckt, der Kopf der Gruppe \u201eRumpelstil\u201c, der den Text geschrieben und dieses riesige sympathische Kuscheltier erfunden hat.\u00a0Die fulminante Show endet mit einem gro\u00dfen Finale zum Song \u201ePa Cuba me voy\u201c. Ich gehe nach Kuba. Alle K\u00fcnstler*innen auf der B\u00fchne und auch das inzwischen stehende Publikum singen euphorisiert mit.\u00a0 Die Lieder der Gruppe \u201eRumpelstil\u201c wurden eigens f\u00fcr diese Vorstellung gemeinsam mit kubanischen Musikern und S\u00e4ngerinnen \u201ekubanisiert\u201c und neu interpretiert. Mit der S\u00e4ngerin Blanche Elliz aus Berlin musizieren La Reyna y la Real, Geidy Chapman, Brumme und Emilio Martin\u00ed &amp; Band.<\/p>\n<p><iframe loading=\"lazy\" title=\"TanzZwiEt Tanz -und Ballettschule - Wir tanzen in Havanna die Zwergen-Salsa\" width=\"1170\" height=\"658\" src=\"https:\/\/www.youtube.com\/embed\/r4cYGQ5fREs?feature=oembed\" frameborder=\"0\" allow=\"accelerometer; autoplay; clipboard-write; encrypted-media; gyroscope; picture-in-picture; web-share\" allowfullscreen><\/iframe><\/p>\n<p><strong>\u00a0<\/strong><strong>Ein Tanz und seine Geschichte<\/strong><\/p>\n<p>Mit dem Tanz \u201ePa Cuba me voy\u201c hat es eine besondere Bewandtnis. Lizt Alfonso, die Gr\u00fcnderin und Leiterin von Schule und Compagnie, hat sowohl den Text geschrieben als auch die Musik dazu komponiert. Die Idee des Tanzes ist eine aus der kubanischen Geschichte geborene Situation: Spanische Frauen mit sch\u00f6nen Kleidern und Schuhen stehen Sklavinnen in eben anderer Bekleidung und Holzpantinen in einem t\u00e4nzerischen Wettbewerb gegen\u00fcber. Neudeutsch w\u00fcrde man heute von einem battle sprechen. Das Sch\u00f6ne und Vers\u00f6hnliche an diesem St\u00fcck: keine Seite gewinnt; beide Seiten geh\u00f6ren zur kubanischen Geschichte und Tanzkultur gleicherma\u00dfen.<\/p>\n<figure id=\"attachment_56093\" aria-describedby=\"caption-attachment-56093\" style=\"width: 1023px\" class=\"wp-caption alignnone\"><img loading=\"lazy\" decoding=\"async\" class=\"wp-image-56093 size-full\" src=\"https:\/\/www.danceforyou-magazine.com\/wp-content\/uploads\/2023\/02\/HavannaundBerlintanzen-im-Amphitheater-in-Havanna-mit-Blanche-Elliz_Fotograf_Roberto_DEste.jpg\" alt=\"\" width=\"1023\" height=\"682\" srcset=\"https:\/\/www.danceforyou-magazine.com\/wp-content\/uploads\/2023\/02\/HavannaundBerlintanzen-im-Amphitheater-in-Havanna-mit-Blanche-Elliz_Fotograf_Roberto_DEste.jpg 1023w, https:\/\/www.danceforyou-magazine.com\/wp-content\/uploads\/2023\/02\/HavannaundBerlintanzen-im-Amphitheater-in-Havanna-mit-Blanche-Elliz_Fotograf_Roberto_DEste-300x200.jpg 300w, https:\/\/www.danceforyou-magazine.com\/wp-content\/uploads\/2023\/02\/HavannaundBerlintanzen-im-Amphitheater-in-Havanna-mit-Blanche-Elliz_Fotograf_Roberto_DEste-768x512.jpg 768w, https:\/\/www.danceforyou-magazine.com\/wp-content\/uploads\/2023\/02\/HavannaundBerlintanzen-im-Amphitheater-in-Havanna-mit-Blanche-Elliz_Fotograf_Roberto_DEste-600x400.jpg 600w\" sizes=\"auto, (max-width: 1023px) 100vw, 1023px\" \/><figcaption id=\"caption-attachment-56093\" class=\"wp-caption-text\">Amphitheater in Havanna, tanzen mit Blanche Elliz, \u00a9 Roberto D&#8217;Este<\/figcaption><\/figure>\n<p><strong>You can\u2018t start a fire without a spark \u2013 der Initialfunke<\/strong><\/p>\n<p>Die Idee zu diesem besonderen Austausch hatte Vanessa S\u00e1nchez Fern\u00e1ndez, die Kulturreferentin der Deutschen Botschaft in Havanna. Bei einem Stadtrundgang mit G\u00e4sten stie\u00df sie im Fr\u00fchjahr 2022 auf die imposante Tanzschule von Lizt Alfonso mit angeschlossener eigener Compagnie. Anschlie\u00dfend \u00fcberlegt sie, ob es nicht irgendeine Chance geben k\u00f6nnte, diesen Sch\u00fcler*innen aus Havanna die<\/p>\n<p>M\u00f6glichkeit zu geben, in Berlin aufzutreten. Die Idee weitet sich umgehend zu einem Projekt aus: Gemeinsam mit der TanzZwiEt aus Berlin sollen die Kubaner*innen \u2013 sollten sie je nach Deutschland kommen \u2013 beim legend\u00e4ren Taschenlampenkonzert der Gruppe \u201eRumpeltstil\u201c tanzen. Wegen der internationalen Lage scheint die Aussicht auf Unterst\u00fctzung anfangs unrealistisch. Mark Kuster von der schweizerischen Hilfsorganisation \u201eCamaquito\u201c, die in Kuba Projekt f\u00fcr Kinder unterst\u00fctzt, sagt spontan zu, die Fl\u00fcge vorzufinanzieren, ggf. auch zu finanzieren. Doch schlie\u00dflich gelingt das Erw\u00fcnschte: auch das Ausw\u00e4rtige Amt \u00fcbernimmt Kosten f\u00fcr die Durchf\u00fchrung des Projektes; ebenso die Bundesstiftung f\u00fcr kulturelle Kinder- und Jugendbildung. Die erste Station des Austauschs wird Berlin.<\/p>\n<div id='gallery-1' class='gallery galleryid-56082 gallery-columns-2 gallery-size-full'><figure class='gallery-item'>\n\t\t\t<div class='gallery-icon landscape'>\n\t\t\t\t<a href='https:\/\/www.danceforyou-magazine.com\/en\/am-strausberger-platz-in-berlin_fotografin_susanne_rinnert-2\/'><img loading=\"lazy\" decoding=\"async\" width=\"1024\" height=\"768\" src=\"https:\/\/www.danceforyou-magazine.com\/wp-content\/uploads\/2023\/02\/Am-Strausberger-Platz-in-Berlin_Fotografin_Susanne_Rinnert.jpg\" class=\"attachment-full size-full\" alt=\"\" srcset=\"https:\/\/www.danceforyou-magazine.com\/wp-content\/uploads\/2023\/02\/Am-Strausberger-Platz-in-Berlin_Fotografin_Susanne_Rinnert.jpg 1024w, https:\/\/www.danceforyou-magazine.com\/wp-content\/uploads\/2023\/02\/Am-Strausberger-Platz-in-Berlin_Fotografin_Susanne_Rinnert-300x225.jpg 300w, https:\/\/www.danceforyou-magazine.com\/wp-content\/uploads\/2023\/02\/Am-Strausberger-Platz-in-Berlin_Fotografin_Susanne_Rinnert-768x576.jpg 768w, https:\/\/www.danceforyou-magazine.com\/wp-content\/uploads\/2023\/02\/Am-Strausberger-Platz-in-Berlin_Fotografin_Susanne_Rinnert-600x450.jpg 600w\" sizes=\"auto, (max-width: 1024px) 100vw, 1024px\" \/><\/a>\n\t\t\t<\/div><\/figure><figure class='gallery-item'>\n\t\t\t<div class='gallery-icon landscape'>\n\t\t\t\t<a href='https:\/\/www.danceforyou-magazine.com\/en\/stadterkundung-mit-besichtigung-der-berliner-mauer_fotografin_susanne_rinnert-2\/'><img loading=\"lazy\" decoding=\"async\" width=\"2560\" height=\"1920\" src=\"https:\/\/www.danceforyou-magazine.com\/wp-content\/uploads\/2023\/02\/Stadterkundung-mit-Besichtigung-der-Berliner-Mauer_Fotografin_Susanne_Rinnert-scaled.jpg\" class=\"attachment-full size-full\" alt=\"\" srcset=\"https:\/\/www.danceforyou-magazine.com\/wp-content\/uploads\/2023\/02\/Stadterkundung-mit-Besichtigung-der-Berliner-Mauer_Fotografin_Susanne_Rinnert-scaled.jpg 2560w, https:\/\/www.danceforyou-magazine.com\/wp-content\/uploads\/2023\/02\/Stadterkundung-mit-Besichtigung-der-Berliner-Mauer_Fotografin_Susanne_Rinnert-300x225.jpg 300w, https:\/\/www.danceforyou-magazine.com\/wp-content\/uploads\/2023\/02\/Stadterkundung-mit-Besichtigung-der-Berliner-Mauer_Fotografin_Susanne_Rinnert-1024x768.jpg 1024w, https:\/\/www.danceforyou-magazine.com\/wp-content\/uploads\/2023\/02\/Stadterkundung-mit-Besichtigung-der-Berliner-Mauer_Fotografin_Susanne_Rinnert-768x576.jpg 768w, https:\/\/www.danceforyou-magazine.com\/wp-content\/uploads\/2023\/02\/Stadterkundung-mit-Besichtigung-der-Berliner-Mauer_Fotografin_Susanne_Rinnert-1536x1152.jpg 1536w, https:\/\/www.danceforyou-magazine.com\/wp-content\/uploads\/2023\/02\/Stadterkundung-mit-Besichtigung-der-Berliner-Mauer_Fotografin_Susanne_Rinnert-2048x1536.jpg 2048w, https:\/\/www.danceforyou-magazine.com\/wp-content\/uploads\/2023\/02\/Stadterkundung-mit-Besichtigung-der-Berliner-Mauer_Fotografin_Susanne_Rinnert-600x450.jpg 600w\" sizes=\"auto, (max-width: 2560px) 100vw, 2560px\" \/><\/a>\n\t\t\t<\/div><\/figure>\n\t\t<\/div>\n\n<p><strong>Berlin, Berlin. Wir fahren nach Berlin!<\/strong><\/p>\n<p>Die Anreise f\u00fcr die kubanische Delegation beginnt mit einem Hindernislauf. Die Umsteigezeit in Frankfurt\/Main reicht nicht aus. Der Flug nach Berlin ist weg. Eine 12-k\u00f6pfige Gruppe kann erst auf einen Flug am Abend umgebucht werden. So ist der erste Tag in Deutschland ein Tag auf einem Flughafen. Aber dann l\u00e4uft alles nach Plan. In der TanzZwiEt wird t\u00e4glich trainiert und geprobt, aber es stehen auch die Besichtigung der Berliner Mauer und des Brandenburger Tors auf dem Programm. Und selbstverst\u00e4ndlich geh\u00f6ren in Berlin eine Stadtrundfahrt im offenen Bus, aber auch ein Brunch mit Grill-W\u00fcrstchen in der kubanischen Botschaft, die das Projekt nach Kr\u00e4ften unterst\u00fctzt, und der Besuch des Berliner Humboldt-Forums zu den Stationen dieses Aufenthaltes. Zum H\u00f6hepunkt wird dann aber der alles \u00fcberstrahlende Auftritt am 17. September 2022 in der Berliner Waldb\u00fchne. 17.000 Menschen sind gekommen. Vor allem Familien, deren Kinder alle Songs der Gruppe \u201eRumpelstil\u201c auswendig kennen und begeistert mitsingen: \u201eIch bin Kai und schon seit Mai bei der Polizei\u2026\u201c Auch hier ist selbstverst\u00e4ndlich der \u201eMambo von Mambuso\u201c der H\u00f6hepunkt! Und wenn Blanche Elliz dann das junge Publikum auffordert: \u201eIch m\u00f6chte alle eure Taschenlampen sehen. Alle!\u201c, dann blinkt es in der Waldb\u00fchne als w\u00e4re sie von ungez\u00e4hlten Gl\u00fchw\u00fcrmchen erleuchtet. Und wenn sie die Kinder auffordert: \u201eUnd jetzt m\u00f6chte ich alle eure Stimmen h\u00f6ren. Alle!\u201c, dann gibt es kein Halten mehr.<\/p>\n<p>Die Leiterin Lizt Alfonso sch\u00e4tzt diesen k\u00fcnstlerisch-menschlichen Austausch sehr: \u201eDer Austausch zwischen den Tanzschulen TanzZwiEt und Lizt Alfonso Dance Cuba entpuppte sich als Begegnung tanzender K\u00f6rper und kreativer Seelen. Wie viele k\u00fcnstlerische Erfahrungen haben wir gemacht, die alle, die daran teilhatten, bereichert haben! Ich denke, dass diese Erfahrungen in jedem Leben, in jedem von uns eine Ver\u00e4nderung bewirkt haben, weil sie uns erm\u00f6glicht haben, sch\u00f6pferisch zu sein und uns zu entwickeln. Und genau darum geht es. Wir freuen uns dar\u00fcber und wollen, dass es weitergeht. Jede Generation junger Tanzliebhaber verdient eine solche Gelegenheit.\u201c (Original in Spanisch, siehe unten)<\/p>\n<p><strong>Havanna \u2013 mon amour<\/strong><\/p>\n<p>Die Auswahl der Sch\u00fcler*innen f\u00fcr den Gegenbesuch ist dann alles andere als einfach. Zum einen sollen die Kinder und Jugendlichen bedacht sein, deren Familien die Kubaner*innen in Berlin so herzlich aufgenommen und umsorgt haben. Zum anderen hat die Leiterin der TanzZwiEt Berlin Susanne Rinnert aber auch ganz konkrete Vorstellungen, mit welchen Choreografien sie in Havanna die Arbeit ihrer Schule pr\u00e4sentieren m\u00f6chte. So werden es schlie\u00dflich die oben bezifferten zwanzig Sch\u00fcler*innen, die T\u00e4nze zeigen k\u00f6nnen, die zum Beispiel im Bundeswettbewerb \u201eJugend tanzt\u201c erste Pl\u00e4tze errungen haben. Aber auch eigene Kreationen der Sch\u00fcler*innen sind mit im Gep\u00e4ck.<\/p>\n<p>Neben dem oben beschriebenen Auftritt geh\u00f6ren zu einem solchen Austausch-Programm selbstverst\u00e4ndlich der Besuch der Altstadt von Havanna, aber auch des Platzes der Revolution, des John-Lennon-Parks und das Kennenlernen der kubanischen K\u00fcche dazu. Auch hier wird eine Stadtrundfahrt im offenen Bus unternommen, um im Schnelldurchlauf die verschiedenen Stadtteile zu erkunden. Nach der gelungenen Vorstellung gibt es dann bei herrlichstem Karibik-Wetter noch einen Tag am Meer. Auch das geh\u00f6rt zum Leben Havanna, einer Stadt am Atlantik mit wundersch\u00f6nen Str\u00e4nden.<\/p>\n<p>Susanne Rinnert sagte: \u201eDer Austausch war eine \u00fcberw\u00e4ltigend beeindruckende k\u00fcnstlerisch-menschliche Lebenserfahrung f\u00fcr alle Beteiligten. Wir danken allen, die dies erm\u00f6glicht haben. Wir w\u00fcrden sehr gern wiederkommen. Hoffentlich bald!&#8221;<\/p>\n<figure id=\"attachment_56085\" aria-describedby=\"caption-attachment-56085\" style=\"width: 2400px\" class=\"wp-caption alignnone\"><img loading=\"lazy\" decoding=\"async\" class=\"size-full wp-image-56085\" src=\"https:\/\/www.danceforyou-magazine.com\/wp-content\/uploads\/2023\/02\/Mambo-von-Mambuso_-mit-den-TanzschuelerInnen-der-Lizt-Alfonso-Dance-Cuba_Fotograf_Uwe_Hauth.jpg\" alt=\"\" width=\"2400\" height=\"1600\" srcset=\"https:\/\/www.danceforyou-magazine.com\/wp-content\/uploads\/2023\/02\/Mambo-von-Mambuso_-mit-den-TanzschuelerInnen-der-Lizt-Alfonso-Dance-Cuba_Fotograf_Uwe_Hauth.jpg 2400w, https:\/\/www.danceforyou-magazine.com\/wp-content\/uploads\/2023\/02\/Mambo-von-Mambuso_-mit-den-TanzschuelerInnen-der-Lizt-Alfonso-Dance-Cuba_Fotograf_Uwe_Hauth-300x200.jpg 300w, https:\/\/www.danceforyou-magazine.com\/wp-content\/uploads\/2023\/02\/Mambo-von-Mambuso_-mit-den-TanzschuelerInnen-der-Lizt-Alfonso-Dance-Cuba_Fotograf_Uwe_Hauth-1024x683.jpg 1024w, https:\/\/www.danceforyou-magazine.com\/wp-content\/uploads\/2023\/02\/Mambo-von-Mambuso_-mit-den-TanzschuelerInnen-der-Lizt-Alfonso-Dance-Cuba_Fotograf_Uwe_Hauth-768x512.jpg 768w, https:\/\/www.danceforyou-magazine.com\/wp-content\/uploads\/2023\/02\/Mambo-von-Mambuso_-mit-den-TanzschuelerInnen-der-Lizt-Alfonso-Dance-Cuba_Fotograf_Uwe_Hauth-1536x1024.jpg 1536w, https:\/\/www.danceforyou-magazine.com\/wp-content\/uploads\/2023\/02\/Mambo-von-Mambuso_-mit-den-TanzschuelerInnen-der-Lizt-Alfonso-Dance-Cuba_Fotograf_Uwe_Hauth-2048x1365.jpg 2048w, https:\/\/www.danceforyou-magazine.com\/wp-content\/uploads\/2023\/02\/Mambo-von-Mambuso_-mit-den-TanzschuelerInnen-der-Lizt-Alfonso-Dance-Cuba_Fotograf_Uwe_Hauth-600x400.jpg 600w\" sizes=\"auto, (max-width: 2400px) 100vw, 2400px\" \/><figcaption id=\"caption-attachment-56085\" class=\"wp-caption-text\">Taschenlampenkonzert &#8220;RUMPELSTIL&#8221; 2022, Waldb\u00fchne Berlin, 17. September 2022 \u00a9 Uwe Hauth<\/figcaption><\/figure>\n<p><iframe loading=\"lazy\" title=\"TanzZwiEt Tanz -und Ballettschule - Lizt Alfonso Dance Cuba in Berlin!\" width=\"1170\" height=\"658\" src=\"https:\/\/www.youtube.com\/embed\/dVsyED3LUvo?feature=oembed\" frameborder=\"0\" allow=\"accelerometer; autoplay; clipboard-write; encrypted-media; gyroscope; picture-in-picture; web-share\" allowfullscreen><\/iframe><\/p>\n<p>&nbsp;<\/p>\n<p><strong>Berlin und Havanna \u2013 eigentlich l\u00e4ngst St\u00e4dte mit einer vielf\u00e4ltigen Partnerschaft<\/strong><\/p>\n<p>Die Beziehungen der beiden St\u00e4dte zueinander sind lang und vielf\u00e4ltig. Dass Alexander von Humboldt auf der Karibik-Insel als der wahre und eigentliche Entdecker Kubas gilt, ist weltweit bekannt. In Anerkennung seiner Verdienste ist heute ein wunderbarer Nationalpark im Osten des Landes nach ihm benannt. Heute erinnert die Casa Humboldt an seine Aufenthalte in der Stadt. Die Einfahrt in den Hafen von Havanna erschien ihm als eine der freundlichsten und malerischsten des n\u00f6rdlichen \u00e4quatorialen Amerikas. Eine offizielle St\u00e4dtepartnerschaft zwischen Berlin und Havanna gibt es \u2013 trotz der langen und vielf\u00e4ltigen Bez\u00fcge \u2013 leider nicht. Noch nicht?!<\/p>\n<p>Im Rahmen dieser Tanzwoche in Havanna gab die S\u00e4ngerin Blanche Elliz einen Workshop mit dem Titel \u201eSinging out loud\u201c f\u00fcr die beiden Tanzgruppen und Interessenten aus Havanna. Gemeinsam wurde \u201eB\u00e9same mucho\u201c ebenso gesungen wie \u201eF\u00fcr mich soll\u2018s rote Rosen regnen\u201c und nat\u00fcrlich \u201ePa Cuba me voy\u201c. Welch tolle Idee, welch sch\u00f6ne Auswahl an Songs. Dass Musik Menschen verbindet, ist allgemein bekannt, doch welch enorm verbindende Kraft der Tanz besitzt, ist allen Beteiligten im Rahmen dieses Austauschs deutlich geworden. Der Musiker Brumme war \u00fcberrascht von der starken Wirkung, die vom Zusammenbringen der beiden Tanzschulen und damit von der Begegnung deutscher und kubanischer Tanzkultur ausging und die sich auf Beteiligte wie Publikum gleicherma\u00dfen \u00fcbertrug.<\/p>\n<p><em>Fotos:\u00a0<\/em><br \/>\n<em>Taschenlampenkonzert &#8220;RUMPELSTIL&#8221; 2022, Waldb\u00fchne Berlin, 17. September 2022 \u00a9 Uwe Hauth<\/em><\/p>\n<figure id=\"attachment_56086\" aria-describedby=\"caption-attachment-56086\" style=\"width: 2304px\" class=\"wp-caption alignnone\"><img loading=\"lazy\" decoding=\"async\" class=\"size-full wp-image-56086\" src=\"https:\/\/www.danceforyou-magazine.com\/wp-content\/uploads\/2023\/02\/Pa-Cuba-me-voy_-in-der-Berliner-Waldbuehne_Fotograf_Uwe_Hauth.jpg\" alt=\"\" width=\"2304\" height=\"1536\" srcset=\"https:\/\/www.danceforyou-magazine.com\/wp-content\/uploads\/2023\/02\/Pa-Cuba-me-voy_-in-der-Berliner-Waldbuehne_Fotograf_Uwe_Hauth.jpg 2304w, https:\/\/www.danceforyou-magazine.com\/wp-content\/uploads\/2023\/02\/Pa-Cuba-me-voy_-in-der-Berliner-Waldbuehne_Fotograf_Uwe_Hauth-300x200.jpg 300w, https:\/\/www.danceforyou-magazine.com\/wp-content\/uploads\/2023\/02\/Pa-Cuba-me-voy_-in-der-Berliner-Waldbuehne_Fotograf_Uwe_Hauth-1024x683.jpg 1024w, https:\/\/www.danceforyou-magazine.com\/wp-content\/uploads\/2023\/02\/Pa-Cuba-me-voy_-in-der-Berliner-Waldbuehne_Fotograf_Uwe_Hauth-768x512.jpg 768w, https:\/\/www.danceforyou-magazine.com\/wp-content\/uploads\/2023\/02\/Pa-Cuba-me-voy_-in-der-Berliner-Waldbuehne_Fotograf_Uwe_Hauth-1536x1024.jpg 1536w, https:\/\/www.danceforyou-magazine.com\/wp-content\/uploads\/2023\/02\/Pa-Cuba-me-voy_-in-der-Berliner-Waldbuehne_Fotograf_Uwe_Hauth-2048x1365.jpg 2048w, https:\/\/www.danceforyou-magazine.com\/wp-content\/uploads\/2023\/02\/Pa-Cuba-me-voy_-in-der-Berliner-Waldbuehne_Fotograf_Uwe_Hauth-600x400.jpg 600w\" sizes=\"auto, (max-width: 2304px) 100vw, 2304px\" \/><figcaption id=\"caption-attachment-56086\" class=\"wp-caption-text\"><img loading=\"lazy\" decoding=\"async\" class=\"size-full wp-image-56092\" style=\"font-weight: bold; font-size: 12px;\" src=\"https:\/\/www.danceforyou-magazine.com\/wp-content\/uploads\/2023\/02\/Taschenlampenkonzert-in-der-Berliner-Waldbuehne_Fotograf_Uwe_Hauth.jpg\" alt=\"\" width=\"2400\" height=\"1600\" srcset=\"https:\/\/www.danceforyou-magazine.com\/wp-content\/uploads\/2023\/02\/Taschenlampenkonzert-in-der-Berliner-Waldbuehne_Fotograf_Uwe_Hauth.jpg 2400w, https:\/\/www.danceforyou-magazine.com\/wp-content\/uploads\/2023\/02\/Taschenlampenkonzert-in-der-Berliner-Waldbuehne_Fotograf_Uwe_Hauth-300x200.jpg 300w, https:\/\/www.danceforyou-magazine.com\/wp-content\/uploads\/2023\/02\/Taschenlampenkonzert-in-der-Berliner-Waldbuehne_Fotograf_Uwe_Hauth-1024x683.jpg 1024w, https:\/\/www.danceforyou-magazine.com\/wp-content\/uploads\/2023\/02\/Taschenlampenkonzert-in-der-Berliner-Waldbuehne_Fotograf_Uwe_Hauth-768x512.jpg 768w, https:\/\/www.danceforyou-magazine.com\/wp-content\/uploads\/2023\/02\/Taschenlampenkonzert-in-der-Berliner-Waldbuehne_Fotograf_Uwe_Hauth-1536x1024.jpg 1536w, https:\/\/www.danceforyou-magazine.com\/wp-content\/uploads\/2023\/02\/Taschenlampenkonzert-in-der-Berliner-Waldbuehne_Fotograf_Uwe_Hauth-2048x1365.jpg 2048w, https:\/\/www.danceforyou-magazine.com\/wp-content\/uploads\/2023\/02\/Taschenlampenkonzert-in-der-Berliner-Waldbuehne_Fotograf_Uwe_Hauth-600x400.jpg 600w\" sizes=\"auto, (max-width: 2400px) 100vw, 2400px\" \/><\/figcaption><\/figure>\n<p>Verst\u00e4ndlich, dass sich die Berliner Sch\u00fcler*innen dankbar an diesen Austausch erinnern. Alyssia Sperber, 13, erinnert sich: \u201eIch hatte die Freude, im September eine ganze Woche lang Ang\u00e9lica bei mir aufzunehmen. Wir sind richtige Freunde geworden und schreiben uns regelm\u00e4\u00dfig Nachrichten. Als wir uns in Havanna wiedergesehen haben, war die Freude riesengro\u00df.\u201c Dana Hartig,13, fand es sch\u00f6n, wie schnell sie alle auf Kuba durch das Tanzen neue Freunde gefunden haben und damit die Sprachbarriere gemeinsam \u00fcberwinden konnten, und Mathilda Wegner, 19, meint: \u201eBesonders in Erinnerung wird mir die Liebe und Freude bleiben, mit der wir in Havanna empfangen wurden und die den Abschied zu Menschen, denen ich vor weniger als zwei Wochen das erste Mal begegnet bin, so schwer gemacht haben.\u201c Paula Kutscher, 18, hebt die Herzlichkeit aller Mitwirkenden als das Sch\u00f6nste und Einpr\u00e4gsamste der Reise hervor und schreibt: \u201eEs wurde uns erm\u00f6glicht, Freundschaften \u00fcber einen Ozean hinaus zu kn\u00fcpfen und ich habe in Havanna mein zweites zu Hause gefunden.\u201c Auch Sarah J\u00fcngling, 18, sagt, durch die neuen Freundschaften in Kuba in zweites Zuhause gefunden zu haben, und stellt fest: \u201eTrotz der Tatsache, dass wir aus unterschiedlichen Welten kamen, gab es etwas, was uns alle verbunden hat: TANZ!\u201c Nina John, 18, spricht sicher f\u00fcr alle, wenn sie zusammenfasst: \u201eEs war eine Erfahrung und eine Zeit, die ich definitiv niemals vergessen werde. Ich kann kaum in Worte fassen, wie viel mir dieser Austausch bedeutet und die Gef\u00fchle und Erinnerungen sind unbeschreiblich. Jede einzelne Person auf dieser Reise habe ich tief in mein Herz geschlossen, ich habe Freunde auf der anderen Seite der Erde lieben gelernt und w\u00fcrde jederzeit in ein Flugzeug steigen, um wieder zur\u00fcckzufliegen.\u201c<\/p>\n<p>Alexander von Humboldt kam 1804, nach vier Jahren also, zum zweiten Mal nach Kuba. So lange m\u00fcssten die begeistern Jugendlichen aus Berlin heute eigentlich nicht mehr warten. Und selbstredend sind auch die kubanischen Tanztalente in Berlin jederzeit wieder herzlich willkommen \u2013 nicht nur bei ihren Gastfamilien.<\/p>\n<p><em>Lizt Alfonso: El intercambio entre las escuelas de danza de Tanzzwiet y Lizt Alfonso Dance Cuba, resulto ser un encuentro de cuerpos danzantes y almas creativas. Cuantas experiencias vividas desde el arte para el enriquecimiento vivencial de todos los que participamos. Creo que, en la vida de cada uno esto marca una diferencia porque nos permiti\u00f3 crear y crecer. Y justamente de eso se trata. Estamos felices por ello y deseamos que contin\u00fae. Cada generaci\u00f3n de j\u00f3venes amantes de la danza merece una oportunidad as\u00ed.<\/em><\/p>\n<p><em>\u00a0<\/em><\/p>\n","protected":false},"excerpt":{"rendered":"<p>Ein Jugendkulturaustausch zwischen Berlin und Havanna von Ralf Stabel Alexander von Humboldt tr\u00e4umte als Jugendlicher von einer Reise in die weite Welt. Sein Zuhause in Tegel \u2013 damals bei Berlin, heute in Berlin \u2013 nannte er \u201eSchloss Langeweile\u201c. 1799 ist es dann endlich soweit. Mit seinem Freund Aim\u00e9 Bonpland startet er in die Neue Welt. [&hellip;]<\/p>\n","protected":false},"author":5,"featured_media":56083,"comment_status":"closed","ping_status":"closed","sticky":false,"template":"","format":"standard","meta":{"_acf_changed":false,"footnotes":""},"categories":[71],"tags":[],"class_list":["post-56082","post","type-post","status-publish","format-standard","has-post-thumbnail","hentry","category-stories"],"acf":[],"_links":{"self":[{"href":"https:\/\/www.danceforyou-magazine.com\/en\/wp-json\/wp\/v2\/posts\/56082","targetHints":{"allow":["GET"]}}],"collection":[{"href":"https:\/\/www.danceforyou-magazine.com\/en\/wp-json\/wp\/v2\/posts"}],"about":[{"href":"https:\/\/www.danceforyou-magazine.com\/en\/wp-json\/wp\/v2\/types\/post"}],"author":[{"embeddable":true,"href":"https:\/\/www.danceforyou-magazine.com\/en\/wp-json\/wp\/v2\/users\/5"}],"replies":[{"embeddable":true,"href":"https:\/\/www.danceforyou-magazine.com\/en\/wp-json\/wp\/v2\/comments?post=56082"}],"version-history":[{"count":5,"href":"https:\/\/www.danceforyou-magazine.com\/en\/wp-json\/wp\/v2\/posts\/56082\/revisions"}],"predecessor-version":[{"id":56099,"href":"https:\/\/www.danceforyou-magazine.com\/en\/wp-json\/wp\/v2\/posts\/56082\/revisions\/56099"}],"wp:featuredmedia":[{"embeddable":true,"href":"https:\/\/www.danceforyou-magazine.com\/en\/wp-json\/wp\/v2\/media\/56083"}],"wp:attachment":[{"href":"https:\/\/www.danceforyou-magazine.com\/en\/wp-json\/wp\/v2\/media?parent=56082"}],"wp:term":[{"taxonomy":"category","embeddable":true,"href":"https:\/\/www.danceforyou-magazine.com\/en\/wp-json\/wp\/v2\/categories?post=56082"},{"taxonomy":"post_tag","embeddable":true,"href":"https:\/\/www.danceforyou-magazine.com\/en\/wp-json\/wp\/v2\/tags?post=56082"}],"curies":[{"name":"wp","href":"https:\/\/api.w.org\/{rel}","templated":true}]}}