{"id":54978,"date":"2022-08-04T10:24:22","date_gmt":"2022-08-04T10:24:22","guid":{"rendered":"https:\/\/www.danceforyou-magazine.com\/?p=54978"},"modified":"2026-04-16T07:28:51","modified_gmt":"2026-04-16T07:28:51","slug":"ein-neuer-generaldirektor-fuer-das-bejart-ballet-lausanne","status":"publish","type":"post","link":"https:\/\/www.danceforyou-magazine.com\/en\/ein-neuer-generaldirektor-fuer-das-bejart-ballet-lausanne\/","title":{"rendered":"Ein neuer Generaldirektor f\u00fcr das B\u00e9jart Ballet Lausanne"},"content":{"rendered":"<p>Ein Sportfunktion\u00e4r f\u00fcrs B\u00e9jart Ballet: Giancarlo Sergi wurde vom Stiftungsrat des B\u00e9jart Ballet Lausanne zu dessen Generaldirektor ernannt \u2013 der Posten wurde nach Turbulenzen um den k\u00fcnstlerischen Direktor Gil Roman neu geschaffen. Mit seiner umfangreichen Management- und F\u00fchrungserfahrung im Bereich des nationalen und internationalen Sports sowie einem ausgepr\u00e4gten und einzigartigen ethischen Wissen verf\u00fcge Sergi \u00fcber die menschlichen und beruflichen Qualit\u00e4ten, um sich den Herausforderungen zu stellen, denen sich die Ballettkompanie seit einiger Zeit gegen\u00fcbersieht, so schreibt Solange Peters, die Pr\u00e4sidentin des Stiftungsrates. Sergi wird sein Amt offiziell am 1. September 2022 antreten, er ging unter zahlreichen Kandidaten aus einem Pr\u00fcfungsverfahren durch ein unabh\u00e4ngiges Unternehmen hervor, das auf die Rekrutierung von Wirtschaftsf\u00fchrungskr\u00e4ften spezialisiert ist. Um die derzeitige Leitung und die Aktivit\u00e4ten der Kompanie in der Schweiz und im Ausland bestm\u00f6glich zu unterst\u00fctzen, soll Sergi eng mit dem k\u00fcnstlerischen Leiter Gil Roman zusammenarbeiten, der wegen seines F\u00fchrungsstils in die Kritik geraten war. Eine der ersten Aufgaben wird die Neubesetzung der bisher interimistisch besetzten Position des Personaldirektors sein.<\/p>\n<p>Giancarlo Sergi ist 48 Jahre alt und hat den gr\u00f6\u00dften Teil seiner beruflichen Laufbahn im Schweizer und internationalen Sport verbracht, wo er sich umfassende Erfahrung und F\u00fchrungsqualit\u00e4ten auf h\u00f6chstem Niveau angeeignet hat. Er ist ausgebildeter \u00d6konom, Tr\u00e4ger eines europ\u00e4ischen Masters in Management von Sportorganisationen und Doktorand in Good Governance, Ethik und Integrit\u00e4t im Sport an der Universit\u00e4t Lausanne. Seit 2014 ist er Exekutivpr\u00e4sident des nationalen Verbands Swiss Basketball, dessen tiefgreifende Umstrukturierung er erfolgreich gesteuert hat. Dabei zeichnete er sich durch seine F\u00e4higkeit zur Bew\u00e4ltigung komplexer organisatorischer und menschlicher Situationen aus. Erg\u00e4nzend fielen seine Erfahrungen im Bereich gro\u00dfer globaler Sportorganisationen (UEFA, IOC), in der Managementberatung, im Marketing und Training sowie in der Prozessintegrit\u00e4t (Generalsekret\u00e4r des Global Lottery Monitoring System von 2018 bis 2021) ins Gewicht, nach Ansicht des Stiftungsrates qualifiziert sich Sergi umfassend f\u00fcr die Themen Governance, Budgetmanagement und Human Resources. Giancarlo Sergi wurde in Lausanne geboren, er hat die schweizerische und italienische Staatsb\u00fcrgerschaft und lebt im Kanton Waadt. Verbindungen zur Kultur hat er nach Angaben des Stiftungsrates durch seine Frau Val\u00e9rianne, Professorin f\u00fcr Bildende Kunst. \u201eIch f\u00fchle mich geehrt, meine Erfahrung und meinen Enthusiasmus in den reibungslosen Betrieb einer so angesehenen Institution wie dem B\u00e9jart Ballet Lausanne einbringen zu k\u00f6nnen, und ich danke dem Stiftungsrat f\u00fcr das mir entgegengebrachte Vertrauen\u201c, erkl\u00e4rte Sergi: \u201eDie Leitung einer Ballettkompanie von Weltniveau hat viele \u00c4hnlichkeit mit meinem bisherigen T\u00e4tigkeitsfeld: Hier wie dort braucht man Verst\u00e4ndnis f\u00fcr k\u00f6rperliche Spitzenbelastungen und den Bedarf an Personal, es gilt ein Klima zu schaffen, das Kreativit\u00e4t und Teamgeist f\u00f6rdert, man braucht enge Beziehungen zu Beh\u00f6rden, Institutionen und Partnern. Ich freue mich auf die Zusammenarbeit mit Gil Roman und allen BBL-Mitarbeitern.\u201c<\/p>\n<p><img loading=\"lazy\" decoding=\"async\" class=\"alignnone size-full wp-image-54983\" src=\"https:\/\/www.danceforyou-magazine.com\/wp-content\/uploads\/2022\/08\/DSC_0016-scaled.jpg\" alt=\"\" width=\"1704\" height=\"2560\" srcset=\"https:\/\/www.danceforyou-magazine.com\/wp-content\/uploads\/2022\/08\/DSC_0016-scaled.jpg 1704w, https:\/\/www.danceforyou-magazine.com\/wp-content\/uploads\/2022\/08\/DSC_0016-200x300.jpg 200w, https:\/\/www.danceforyou-magazine.com\/wp-content\/uploads\/2022\/08\/DSC_0016-682x1024.jpg 682w, https:\/\/www.danceforyou-magazine.com\/wp-content\/uploads\/2022\/08\/DSC_0016-768x1154.jpg 768w, https:\/\/www.danceforyou-magazine.com\/wp-content\/uploads\/2022\/08\/DSC_0016-1022x1536.jpg 1022w, https:\/\/www.danceforyou-magazine.com\/wp-content\/uploads\/2022\/08\/DSC_0016-1363x2048.jpg 1363w, https:\/\/www.danceforyou-magazine.com\/wp-content\/uploads\/2022\/08\/DSC_0016-300x451.jpg 300w, https:\/\/www.danceforyou-magazine.com\/wp-content\/uploads\/2022\/08\/DSC_0016-600x901.jpg 600w\" sizes=\"auto, (max-width: 1704px) 100vw, 1704px\" \/><\/p>\n<p>Im Mai letzten Jahres waren Probleme in der Ecole-Atelier Rudra B\u00e9jart Lausanne aufgedeckt worden, der ebenfalls von Maurice B\u00e9jart gegr\u00fcndeten Ballettschule der Kompanie. Kurz darauf wurde ihr Direktor Michel Gascard entlassen und die Schule geschlossen; sie wurde bisher noch nicht wieder er\u00f6ffnet. Auch der Produktionsleiter der Ballettkompanie wurde 2021 wegen u.a. mangelnder Distanz zu Mitarbeitern und Respektlosigkeit gegen\u00fcber Frauen entlassen. Gil Roman bleibt K\u00fcnstlerischer Direktor und Choreograf der Kompanie, die Vorw\u00fcrfe gegen ihn, u.a. wegen Dem\u00fctigung, sexueller Bel\u00e4stigung, Homophobie, Kokainkonsum und Vetternwirtschaft, wurden untersucht und nicht aufrecht erhalten, ein strafrechtliches Verfahren wurde nicht eingeleitet.<\/p>\n<p>&nbsp;<\/p>\n","protected":false},"excerpt":{"rendered":"<p>Ein Sportfunktion\u00e4r f\u00fcrs B\u00e9jart Ballet: Giancarlo Sergi wurde vom Stiftungsrat des B\u00e9jart Ballet Lausanne zu dessen Generaldirektor ernannt \u2013 der Posten wurde nach Turbulenzen um den k\u00fcnstlerischen Direktor Gil Roman neu geschaffen. Mit seiner umfangreichen Management- und F\u00fchrungserfahrung im Bereich des nationalen und internationalen Sports sowie einem ausgepr\u00e4gten und einzigartigen ethischen Wissen verf\u00fcge Sergi \u00fcber [&hellip;]<\/p>\n","protected":false},"author":5,"featured_media":54981,"comment_status":"closed","ping_status":"closed","sticky":false,"template":"","format":"standard","meta":{"_acf_changed":false,"footnotes":""},"categories":[67],"tags":[],"class_list":["post-54978","post","type-post","status-publish","format-standard","has-post-thumbnail","hentry","category-newsroom"],"acf":[],"_links":{"self":[{"href":"https:\/\/www.danceforyou-magazine.com\/en\/wp-json\/wp\/v2\/posts\/54978","targetHints":{"allow":["GET"]}}],"collection":[{"href":"https:\/\/www.danceforyou-magazine.com\/en\/wp-json\/wp\/v2\/posts"}],"about":[{"href":"https:\/\/www.danceforyou-magazine.com\/en\/wp-json\/wp\/v2\/types\/post"}],"author":[{"embeddable":true,"href":"https:\/\/www.danceforyou-magazine.com\/en\/wp-json\/wp\/v2\/users\/5"}],"replies":[{"embeddable":true,"href":"https:\/\/www.danceforyou-magazine.com\/en\/wp-json\/wp\/v2\/comments?post=54978"}],"version-history":[{"count":3,"href":"https:\/\/www.danceforyou-magazine.com\/en\/wp-json\/wp\/v2\/posts\/54978\/revisions"}],"predecessor-version":[{"id":54984,"href":"https:\/\/www.danceforyou-magazine.com\/en\/wp-json\/wp\/v2\/posts\/54978\/revisions\/54984"}],"wp:featuredmedia":[{"embeddable":true,"href":"https:\/\/www.danceforyou-magazine.com\/en\/wp-json\/wp\/v2\/media\/54981"}],"wp:attachment":[{"href":"https:\/\/www.danceforyou-magazine.com\/en\/wp-json\/wp\/v2\/media?parent=54978"}],"wp:term":[{"taxonomy":"category","embeddable":true,"href":"https:\/\/www.danceforyou-magazine.com\/en\/wp-json\/wp\/v2\/categories?post=54978"},{"taxonomy":"post_tag","embeddable":true,"href":"https:\/\/www.danceforyou-magazine.com\/en\/wp-json\/wp\/v2\/tags?post=54978"}],"curies":[{"name":"wp","href":"https:\/\/api.w.org\/{rel}","templated":true}]}}