{"id":54864,"date":"2022-07-11T12:16:10","date_gmt":"2022-07-11T12:16:10","guid":{"rendered":"https:\/\/www.danceforyou-magazine.com\/?p=54864"},"modified":"2026-04-16T07:28:51","modified_gmt":"2026-04-16T07:28:51","slug":"hans-van-manen-zum-90-geburtstag","status":"publish","type":"post","link":"https:\/\/www.danceforyou-magazine.com\/en\/hans-van-manen-zum-90-geburtstag\/","title":{"rendered":"Hans van Manen zum 90. Geburtstag"},"content":{"rendered":"<p>Er ist der letzte der Titanen, die nach dem Zweiten Weltkrieg das Ballett in Europa gro\u00df machten: Roland Petit und Maurice B\u00e9jart geh\u00f6rten dazu, John Cranko oder Birgit Cullberg.<strong> Hans van Manen<\/strong> choreografiert seit 67 Jahren, seine Werke sind so alterslos wie er, genauso stilvoll und doch fest in der Moderne verankert. Heute feiert der Meisterchoreograf seinen 90. Geburtstag, fit und elegant wie gewohnt, wahrscheinlich mit der Zigarette im Mundwinkel und einer ironischen Bemerkung auf den Lippen. Das Nederlands Dans Theater hat er in seiner Anfangszeit mitgeformt, dann wechselte er zu Het Nationale Ballett und wieder zur\u00fcck.<\/p>\n<div id='gallery-1' class='gallery galleryid-54864 gallery-columns-3 gallery-size-medium'><figure class='gallery-item'>\n\t\t\t<div class='gallery-icon landscape'>\n\t\t\t\t<a href='https:\/\/www.danceforyou-magazine.com\/en\/solo_p1-2\/'><img loading=\"lazy\" decoding=\"async\" width=\"300\" height=\"200\" src=\"https:\/\/www.danceforyou-magazine.com\/wp-content\/uploads\/2022\/07\/SOLO_P1-300x200.jpg\" class=\"attachment-medium size-medium\" alt=\"\" aria-describedby=\"gallery-1-64612\" srcset=\"https:\/\/www.danceforyou-magazine.com\/wp-content\/uploads\/2022\/07\/SOLO_P1-300x200.jpg 300w, https:\/\/www.danceforyou-magazine.com\/wp-content\/uploads\/2022\/07\/SOLO_P1-1024x683.jpg 1024w, https:\/\/www.danceforyou-magazine.com\/wp-content\/uploads\/2022\/07\/SOLO_P1-768x512.jpg 768w, https:\/\/www.danceforyou-magazine.com\/wp-content\/uploads\/2022\/07\/SOLO_P1-1536x1024.jpg 1536w, https:\/\/www.danceforyou-magazine.com\/wp-content\/uploads\/2022\/07\/SOLO_P1-2048x1365.jpg 2048w, https:\/\/www.danceforyou-magazine.com\/wp-content\/uploads\/2022\/07\/SOLO_P1-600x400.jpg 600w\" sizes=\"auto, (max-width: 300px) 100vw, 300px\" \/><\/a>\n\t\t\t<\/div>\n\t\t\t\t<figcaption class='wp-caption-text gallery-caption' id='gallery-1-64612'>\n\t\t\t\tProbe, Fotos Andreas Endermann\n\t\t\t\t<\/figcaption><\/figure><figure class='gallery-item'>\n\t\t\t<div class='gallery-icon landscape'>\n\t\t\t\t<a href='https:\/\/www.danceforyou-magazine.com\/en\/solo_p2-2\/'><img loading=\"lazy\" decoding=\"async\" width=\"300\" height=\"200\" src=\"https:\/\/www.danceforyou-magazine.com\/wp-content\/uploads\/2022\/07\/SOLO_P2-300x200.jpg\" class=\"attachment-medium size-medium\" alt=\"\" srcset=\"https:\/\/www.danceforyou-magazine.com\/wp-content\/uploads\/2022\/07\/SOLO_P2-300x200.jpg 300w, https:\/\/www.danceforyou-magazine.com\/wp-content\/uploads\/2022\/07\/SOLO_P2-1024x683.jpg 1024w, https:\/\/www.danceforyou-magazine.com\/wp-content\/uploads\/2022\/07\/SOLO_P2-768x512.jpg 768w, https:\/\/www.danceforyou-magazine.com\/wp-content\/uploads\/2022\/07\/SOLO_P2-1536x1024.jpg 1536w, https:\/\/www.danceforyou-magazine.com\/wp-content\/uploads\/2022\/07\/SOLO_P2-2048x1365.jpg 2048w, https:\/\/www.danceforyou-magazine.com\/wp-content\/uploads\/2022\/07\/SOLO_P2-600x400.jpg 600w\" sizes=\"auto, (max-width: 300px) 100vw, 300px\" \/><\/a>\n\t\t\t<\/div><\/figure><figure class='gallery-item'>\n\t\t\t<div class='gallery-icon landscape'>\n\t\t\t\t<a href='https:\/\/www.danceforyou-magazine.com\/en\/solo_p3-2\/'><img loading=\"lazy\" decoding=\"async\" width=\"300\" height=\"200\" src=\"https:\/\/www.danceforyou-magazine.com\/wp-content\/uploads\/2022\/07\/SOLO_P3-300x200.jpg\" class=\"attachment-medium size-medium\" alt=\"\" srcset=\"https:\/\/www.danceforyou-magazine.com\/wp-content\/uploads\/2022\/07\/SOLO_P3-300x200.jpg 300w, https:\/\/www.danceforyou-magazine.com\/wp-content\/uploads\/2022\/07\/SOLO_P3-1024x683.jpg 1024w, https:\/\/www.danceforyou-magazine.com\/wp-content\/uploads\/2022\/07\/SOLO_P3-768x512.jpg 768w, https:\/\/www.danceforyou-magazine.com\/wp-content\/uploads\/2022\/07\/SOLO_P3-1536x1024.jpg 1536w, https:\/\/www.danceforyou-magazine.com\/wp-content\/uploads\/2022\/07\/SOLO_P3-2048x1365.jpg 2048w, https:\/\/www.danceforyou-magazine.com\/wp-content\/uploads\/2022\/07\/SOLO_P3-600x400.jpg 600w\" sizes=\"auto, (max-width: 300px) 100vw, 300px\" \/><\/a>\n\t\t\t<\/div><\/figure>\n\t\t<\/div>\n\n<p>In Deutschland war er seit den 1980er Jahren zun\u00e4chst in Stuttgart am meisten vertreten, sp\u00e4ter beim Ballett am Rhein. Wir kennen ihn von seinen abstrakten Trikot-Balletten als modernen Klassizisten und Minimalisten, aber der Altmeister hat so viel Neues erfunden im Lauf seines langen Lebens, er hat bereits splitternackte T\u00e4nzer und gleichgeschlechtliche Duos auf der B\u00fchne gezeigt, als andere noch nicht \u201eTanztheater\u201c sagen konnten. Van Manen setzte die Videokamera ein und stellte seine Ballerinen auf hohe Abs\u00e4tze, lie\u00df als erster zu Tango-Musik tanzen und liebt bis heute die Kurzform \u2013 es gibt keine Abendf\u00fcller von ihm, er ist der Meister der Kurzgeschichte und blieb sich immer treu. \u201eIch mache keine Experimente. Ich mache Ballette\u201c, hei\u00dft sein Credo und er h\u00e4lt uns bis heute, wo s\u00e4mtliche Konventionen im Tanz mehrfach hinterfragt und gebrochen wurden, hartn\u00e4ckig den Ma\u00dfstab vor Augen: Klarheit, Strenge, Reduktion aufs Wesentliche. Dennoch sind seine Ballette nie abstrakt, immer gl\u00fcht eine subtile, oft erotische Spannung zwischen den T\u00e4nzern. Van Manen hat die Geschlechter-Stereotypen des Balletts aufgemischt und die Grenzen aufgehoben. Ob M\u00e4nner oder Frauen: Er zeigt moderne Menschen auf der B\u00fchne, die einander bei allem Streit, bei allen Konflikten achten und respektieren.<\/p>\n<p>Herzlichen Gl\u00fcckwunsch und auf viele weitere Jahre!<\/p>\n<figure id=\"attachment_54867\" aria-describedby=\"caption-attachment-54867\" style=\"width: 544px\" class=\"wp-caption alignnone\"><img loading=\"lazy\" decoding=\"async\" class=\"wp-image-54867 size-full\" src=\"https:\/\/www.danceforyou-magazine.com\/wp-content\/uploads\/2022\/07\/Hans-van-Manen_SebastienGaltier_626x932.jpg\" alt=\"\" width=\"544\" height=\"544\" srcset=\"https:\/\/www.danceforyou-magazine.com\/wp-content\/uploads\/2022\/07\/Hans-van-Manen_SebastienGaltier_626x932.jpg 544w, https:\/\/www.danceforyou-magazine.com\/wp-content\/uploads\/2022\/07\/Hans-van-Manen_SebastienGaltier_626x932-300x300.jpg 300w, https:\/\/www.danceforyou-magazine.com\/wp-content\/uploads\/2022\/07\/Hans-van-Manen_SebastienGaltier_626x932-380x380.jpg 380w, https:\/\/www.danceforyou-magazine.com\/wp-content\/uploads\/2022\/07\/Hans-van-Manen_SebastienGaltier_626x932-100x100.jpg 100w\" sizes=\"auto, (max-width: 544px) 100vw, 544px\" \/><figcaption id=\"caption-attachment-54867\" class=\"wp-caption-text\">Foto: Dutch National Ballet<\/figcaption><\/figure>\n<p>&nbsp;<\/p>\n<p>&nbsp;<\/p>\n<p>&nbsp;<\/p>\n","protected":false},"excerpt":{"rendered":"<p>Er ist der letzte der Titanen, die nach dem Zweiten Weltkrieg das Ballett in Europa gro\u00df machten: Roland Petit und Maurice B\u00e9jart geh\u00f6rten dazu, John Cranko oder Birgit Cullberg. Hans van Manen choreografiert seit 67 Jahren, seine Werke sind so alterslos wie er, genauso stilvoll und doch fest in der Moderne verankert. Heute feiert der [&hellip;]<\/p>\n","protected":false},"author":5,"featured_media":54865,"comment_status":"closed","ping_status":"closed","sticky":false,"template":"","format":"standard","meta":{"_acf_changed":false,"footnotes":""},"categories":[72],"tags":[],"class_list":["post-54864","post","type-post","status-publish","format-standard","has-post-thumbnail","hentry","category-performance"],"acf":[],"_links":{"self":[{"href":"https:\/\/www.danceforyou-magazine.com\/en\/wp-json\/wp\/v2\/posts\/54864","targetHints":{"allow":["GET"]}}],"collection":[{"href":"https:\/\/www.danceforyou-magazine.com\/en\/wp-json\/wp\/v2\/posts"}],"about":[{"href":"https:\/\/www.danceforyou-magazine.com\/en\/wp-json\/wp\/v2\/types\/post"}],"author":[{"embeddable":true,"href":"https:\/\/www.danceforyou-magazine.com\/en\/wp-json\/wp\/v2\/users\/5"}],"replies":[{"embeddable":true,"href":"https:\/\/www.danceforyou-magazine.com\/en\/wp-json\/wp\/v2\/comments?post=54864"}],"version-history":[{"count":5,"href":"https:\/\/www.danceforyou-magazine.com\/en\/wp-json\/wp\/v2\/posts\/54864\/revisions"}],"predecessor-version":[{"id":54892,"href":"https:\/\/www.danceforyou-magazine.com\/en\/wp-json\/wp\/v2\/posts\/54864\/revisions\/54892"}],"wp:featuredmedia":[{"embeddable":true,"href":"https:\/\/www.danceforyou-magazine.com\/en\/wp-json\/wp\/v2\/media\/54865"}],"wp:attachment":[{"href":"https:\/\/www.danceforyou-magazine.com\/en\/wp-json\/wp\/v2\/media?parent=54864"}],"wp:term":[{"taxonomy":"category","embeddable":true,"href":"https:\/\/www.danceforyou-magazine.com\/en\/wp-json\/wp\/v2\/categories?post=54864"},{"taxonomy":"post_tag","embeddable":true,"href":"https:\/\/www.danceforyou-magazine.com\/en\/wp-json\/wp\/v2\/tags?post=54864"}],"curies":[{"name":"wp","href":"https:\/\/api.w.org\/{rel}","templated":true}]}}