{"id":54852,"date":"2022-07-05T13:10:10","date_gmt":"2022-07-05T13:10:10","guid":{"rendered":"https:\/\/www.danceforyou-magazine.com\/?p=54852"},"modified":"2026-04-16T07:28:51","modified_gmt":"2026-04-16T07:28:51","slug":"das-leben-ein-tanz","status":"publish","type":"post","link":"https:\/\/www.danceforyou-magazine.com\/en\/das-leben-ein-tanz\/","title":{"rendered":"\u201eDas Leben ein Tanz\u201c"},"content":{"rendered":"<h3>Feel-Good-Movie mit Hofesh Shechter und Marion Barbeauovie<\/h3>\n<p>Die 26-j\u00e4hrige \u00c8lise in C\u00e9dric Klapischs neuem Film \u201eDas Leben ein Tanz\u201c hat alles, was zur erfolgreichen Karriere einer klassischen Ballerina geh\u00f6rt. Zudem ist sie beliebt und mit einem T\u00e4nzerkollegen liiert. Seit Kindesbeinen steht das Tanzen bei ihr an oberster Stelle. Ihr Vater aber (brillant empathielos: Com\u00e9die-Fran\u00e7aise-Schauspieler Denis Podalyd\u00e8s), der fr\u00fch seine drei T\u00f6chter allein erziehen musste und f\u00fcr den nur die Literatur zur Kunst z\u00e4hlt, kann die Wahl, sich mit Haut und Haaren einem derma\u00dfen vom K\u00f6rper bestimmten Beruf zu verschreiben, kaum guthei\u00dfen.<\/p>\n<p>\u201eEn corps\u201c lautet der viel griffigere Originaltitel des Zweist\u00fcnders, der mit vereinnahmender Leichtigkeit den Spagat zwischen Trag\u00f6die (absehbar) und Kom\u00f6die (keineswegs platt) meistert. Dabei verf\u00fcgt er teilweise \u00fcber eine fast schon dokumentarfilmhafte Anmutung wie Wertigkeit \u2013 so treffend authentisch-ehrlich wird mit den Inhalten umgegangen. Angefangen bei einer langen, nur musikalisch unterlegten Einleitungssequenz, die den Zuschauer mit auf die B\u00fchne und hinter die Kulissen einer klassischen Ballettchoreografie nimmt.<\/p>\n<p><img loading=\"lazy\" decoding=\"async\" class=\"alignnone wp-image-54853 size-full\" src=\"https:\/\/www.danceforyou-magazine.com\/wp-content\/uploads\/2022\/07\/Das-Leben-ein-Tanz.jpg\" alt=\"\" width=\"753\" height=\"1022\" srcset=\"https:\/\/www.danceforyou-magazine.com\/wp-content\/uploads\/2022\/07\/Das-Leben-ein-Tanz.jpg 753w, https:\/\/www.danceforyou-magazine.com\/wp-content\/uploads\/2022\/07\/Das-Leben-ein-Tanz-221x300.jpg 221w, https:\/\/www.danceforyou-magazine.com\/wp-content\/uploads\/2022\/07\/Das-Leben-ein-Tanz-300x407.jpg 300w, https:\/\/www.danceforyou-magazine.com\/wp-content\/uploads\/2022\/07\/Das-Leben-ein-Tanz-600x814.jpg 600w\" sizes=\"auto, (max-width: 753px) 100vw, 753px\" \/><\/p>\n<p>Eine solch starke Fokussierung auf Tanz als wichtigstem Lebensinhalt h\u00e4tte klischeehaft schief gehen k\u00f6nnen, tut es aber nicht. Garant hierf\u00fcr sind neben all den anderen \u00fcberzeugenden Mitwirkenden zwei, die aus eigener professioneller Erfahrung ganz genau wissen, worum es hier geht. Marion Barbeau, die untypisch sch\u00f6ne, ausdrucksvolle, stilistisch flexible 31-j\u00e4hrige Erste Solistin der Pariser Op\u00e9ra ist in ihrer ersten gro\u00dfen Schauspielrolle zu erleben. Und kraft ihrer nat\u00fcrlichen Ausstrahlung macht sie Klapischs Protagonistin \u00c8lise zu einer jungen Frau, deren immer wieder blo\u00df episodenhaft angerissener Geschichte man gerne folgt.<\/p>\n<p>Das Filmpublikum lernt \u00c8lise als Primaballerina einer am Pariser Th\u00e9\u00e2tre du Ch\u00e2telet angesiedelten klassischen Kompanie kennen. Sie tanzt die Titelrolle im Ballett \u201eLa Bajadere\u201c. Doch aus Beziehungsgr\u00fcnden innerlich aufgew\u00fchlt, schrottet sie bei der Landung nach einem Sprung ihren rechten Fu\u00dfkn\u00f6chel. Heilungschancen ungewiss. Was nun karrieretechnisch f\u00e4llig ist, wird schon seit einigen Jahren \u201eTransition\u201c genannt, die \u00dcbergangsphase vom hart erarbeiteten und lang ersehnten Traumjob hin zu etwas Neuem.<\/p>\n<p>Der f\u00fcr jeden T\u00e4nzer wichtige Start in ein zweites Leben steht im Zentrum der Handlung. \u00c8lise muss die katastrophale \u00e4rztliche Prognose, wom\u00f6glich niemals auf die B\u00fchne zur\u00fcckkehren zu k\u00f6nnen, erst verarbeiten. F\u00fcr sie bedeutet das einen Selbstfindungsprozess. Ihr Physiotherapeut (grandios im seinem eigenen Ungl\u00fcck: Fran\u00e7ois Civil) baut sie auf, r\u00e4t zu k\u00e4mpfen, gibt ihr Hoffnung \u2013 und verliebt sich in sie. Nur traut er sich nicht, es ihr zu sagen.<\/p>\n<p>In ihrem Drang, sich umorientieren zu wollen, begleitet \u00c8lise ihre Schwester (sympathisches Kaliber: Souheila Yacoub) und deren Partner (Koch mit Hingabe und Elan: Pio Marma\u00ef) als K\u00fcchengehilfin zu einem Kreativzentrum in der Bretagne. Gl\u00fcck im Ungl\u00fcck \u2013 denn die sich herrschaftlich gebende, am Stock humpelnde Leiterin (Muriel Robin) bietet K\u00fcnstlern au\u00dfer Verpflegung und Unterkunft auch Raum zum Proben. Als zwischen Kammermusikern und einem Chor ein modernes Tanzensemble eintrudelt, beginnt \u00c8lise langsam, ihre Zukunftsangst zu \u00fcberwinden und wieder in Kontakt mit anderen T\u00e4nzern zu treten. Diese erarbeiten gemeinsam mit dem renommierten israelischen Choreografen Hofesh Shechter ein neues St\u00fcck.<\/p>\n<p>Shechter, der sich selbst spielt und au\u00dfer den pfiffig geschnittenen und schwungvoll ins Geschehen integrierten modernen Choreografie-Passagen auch einen Teil der Musik zum Film komponiert hat, l\u00e4dt \u00c8lise ein, sich seiner Truppe anzuschlie\u00dfen. Sie durchl\u00e4uft einen Prozess der Losl\u00f6sung vom klassischen Ballett hin zum zeitgen\u00f6ssischen Tanz \u2013 frei von jeglichen Vorurteilen, \u00fcber die C\u00e9dric Klapisch als Regisseur und Drehbuchautor in Personalunion seine Darsteller sogar noch diskutieren l\u00e4sst. Schier unglaublich, dass das alles so aufschlussreich in einem Feel-Good-Movie ohne Abstriche in puncto Unterhaltung m\u00f6glich ist. Kinostart in Deutschland ab 8. September.<\/p>\n<p><em>Vesna Mlakar<\/em><\/p>\n","protected":false},"excerpt":{"rendered":"<p>Feel-Good-Movie mit Hofesh Shechter und Marion Barbeauovie Die 26-j\u00e4hrige \u00c8lise in C\u00e9dric Klapischs neuem Film \u201eDas Leben ein Tanz\u201c hat alles, was zur erfolgreichen Karriere einer klassischen Ballerina geh\u00f6rt. Zudem ist sie beliebt und mit einem T\u00e4nzerkollegen liiert. Seit Kindesbeinen steht das Tanzen bei ihr an oberster Stelle. Ihr Vater aber (brillant empathielos: Com\u00e9die-Fran\u00e7aise-Schauspieler Denis [&hellip;]<\/p>\n","protected":false},"author":5,"featured_media":54853,"comment_status":"closed","ping_status":"closed","sticky":false,"template":"","format":"standard","meta":{"_acf_changed":false,"footnotes":""},"categories":[71],"tags":[],"class_list":["post-54852","post","type-post","status-publish","format-standard","has-post-thumbnail","hentry","category-stories"],"acf":[],"_links":{"self":[{"href":"https:\/\/www.danceforyou-magazine.com\/en\/wp-json\/wp\/v2\/posts\/54852","targetHints":{"allow":["GET"]}}],"collection":[{"href":"https:\/\/www.danceforyou-magazine.com\/en\/wp-json\/wp\/v2\/posts"}],"about":[{"href":"https:\/\/www.danceforyou-magazine.com\/en\/wp-json\/wp\/v2\/types\/post"}],"author":[{"embeddable":true,"href":"https:\/\/www.danceforyou-magazine.com\/en\/wp-json\/wp\/v2\/users\/5"}],"replies":[{"embeddable":true,"href":"https:\/\/www.danceforyou-magazine.com\/en\/wp-json\/wp\/v2\/comments?post=54852"}],"version-history":[{"count":3,"href":"https:\/\/www.danceforyou-magazine.com\/en\/wp-json\/wp\/v2\/posts\/54852\/revisions"}],"predecessor-version":[{"id":54885,"href":"https:\/\/www.danceforyou-magazine.com\/en\/wp-json\/wp\/v2\/posts\/54852\/revisions\/54885"}],"wp:featuredmedia":[{"embeddable":true,"href":"https:\/\/www.danceforyou-magazine.com\/en\/wp-json\/wp\/v2\/media\/54853"}],"wp:attachment":[{"href":"https:\/\/www.danceforyou-magazine.com\/en\/wp-json\/wp\/v2\/media?parent=54852"}],"wp:term":[{"taxonomy":"category","embeddable":true,"href":"https:\/\/www.danceforyou-magazine.com\/en\/wp-json\/wp\/v2\/categories?post=54852"},{"taxonomy":"post_tag","embeddable":true,"href":"https:\/\/www.danceforyou-magazine.com\/en\/wp-json\/wp\/v2\/tags?post=54852"}],"curies":[{"name":"wp","href":"https:\/\/api.w.org\/{rel}","templated":true}]}}