{"id":54083,"date":"2022-01-09T13:50:13","date_gmt":"2022-01-09T13:50:13","guid":{"rendered":"https:\/\/www.danceforyou-magazine.com\/?p=54083"},"modified":"2026-04-16T07:28:58","modified_gmt":"2026-04-16T07:28:58","slug":"zu-paluccas-120-geburtstag","status":"publish","type":"post","link":"https:\/\/www.danceforyou-magazine.com\/en\/zu-paluccas-120-geburtstag\/","title":{"rendered":"Zu Paluccas 120. Geburtstag"},"content":{"rendered":"<h2>Wer fragt gewinnt. Handelt es sich um Tanz und Leben einer K\u00fcnstlerin wie Palucca auf jeden Fall.<\/h2>\n<h2>Erinnernde R\u00fcckblicke und produktive Ausblicke an ihrem 120. Geburtstag.<\/h2>\n<h5><em>Boris Gruhl im Gespr\u00e4ch mit Ralf Stabel<\/em><\/h5>\n<p>&nbsp;<\/p>\n<p>Vor 120 Jahren wurde Palucca in M\u00fcnchen geboren. Getauft wurde sie auf den Namen Margarethe Paluka. Sp\u00e4ter wird sie ihren Namen \u00e4ndern. Am Ende wird aus Gret Palucca dann nur noch Palucca, das ist eben so bei Stars, das \u201edie\u201c kann sie sich nat\u00fcrlich nicht selbst zuschreiben. \u00dcberhaupt wird es sich wie ein R\u00e4tsel durch ihr Leben ziehen, n\u00e4mlich das, was sie war und das, was sie sein wollte und wie sie wollte, das man es so sah, wie sie es wollte.<\/p>\n<p>Palucca und ihre sagenhaften Spr\u00fcnge, aber auch ihre sensible Zur\u00fcckhaltung, geradezu verinnerlicht und sanft ber\u00fchrend in einem Solo wie \u00bbSerenata\u00ab. Kommen hier eigentlich das Leben und der Tanz in eine k\u00fcnstlerische, \u00e4sthetische Verschmelzung?<br \/>\nIst sie wirklich in die Moderne gesprungen? Womit hat sie ihre hohen Spr\u00fcnge bezahlt, welche Zugest\u00e4ndnisse musste sie machen, in der Zeit des Nationalsozialismus, wie gelang dann der Sprung in den neuen Sozialismus der DDR?<\/p>\n<p>Wer fragt gewinnt, ganz sicher auch immer wieder neue Einsichten, Erkenntnisse, was Korrekturen zur Folge haben kann, Best\u00e4tigungen auch. In der Wahrnehmung k\u00fcnstlerischer Entwicklungen, insbesondere in der wortlosen Kunst des Tanzes, sollten die Fragen nicht aufh\u00f6ren, sollten Entwicklungen in historischen Kontexten immer bedacht werden. Wie l\u00e4sst sich das besser vermitteln als in der angemessenen, differenzierten und von n\u00f6tiger Sensibilit\u00e4t gef\u00fchrten Erinnerung.\u00a0Dies gilt besonders heute, an ihrem 120. Geburtstag, f\u00fcr Palucca.\u00a0 Und wen sollte man das besser befragen als den Berliner Theaterwissenschaftler Ralf Stabel, ausgewiesener Fachmann auf dem Gebiet der Tanzgeschichte, Autor biografischer B\u00fccher \u00fcber Palucca.<\/p>\n<figure id=\"attachment_54092\" aria-describedby=\"caption-attachment-54092\" style=\"width: 1274px\" class=\"wp-caption alignnone\"><img loading=\"lazy\" decoding=\"async\" class=\"size-full wp-image-54092\" src=\"https:\/\/www.danceforyou-magazine.com\/wp-content\/uploads\/2022\/01\/Hugo-Erfurth.jpg\" alt=\"\" width=\"1274\" height=\"972\" srcset=\"https:\/\/www.danceforyou-magazine.com\/wp-content\/uploads\/2022\/01\/Hugo-Erfurth.jpg 1274w, https:\/\/www.danceforyou-magazine.com\/wp-content\/uploads\/2022\/01\/Hugo-Erfurth-300x229.jpg 300w, https:\/\/www.danceforyou-magazine.com\/wp-content\/uploads\/2022\/01\/Hugo-Erfurth-1024x781.jpg 1024w, https:\/\/www.danceforyou-magazine.com\/wp-content\/uploads\/2022\/01\/Hugo-Erfurth-768x586.jpg 768w, https:\/\/www.danceforyou-magazine.com\/wp-content\/uploads\/2022\/01\/Hugo-Erfurth-600x458.jpg 600w\" sizes=\"auto, (max-width: 1274px) 100vw, 1274px\" \/><figcaption id=\"caption-attachment-54092\" class=\"wp-caption-text\">Foto: Hugo Erfurth, Quelle: Deutsche Fotothek<\/figcaption><\/figure>\n<p>Mit seiner Biografie und seiner Mitarbeit am j\u00fcngst uraufgef\u00fchrten Dokumentarfilm \u00fcber den verfolgten und vergessenen &#8211; zu Unrecht wie man bei Stabel erf\u00e4hrt &#8211; Alexander von Swaine, hat Ma\u00dfst\u00e4be gegenwartsbezogner Erinnerung gesetzt. Er ist mit aller n\u00f6tigen Sensibilit\u00e4t auf menschliche Irrt\u00fcmer und Verf\u00fchrbarkeiten den Verstrickungen\u00a0 von Tanz und Geheimdienst in der DDR nachgegangen: \u00bbIM T\u00e4nzer\u00ab.<\/p>\n<p><strong>Also bietet es sich heute, aus gegebenem Anlass einfach an, Ralf Stabel zu fragen, wie lange er sich mit dem Leben, dem Tanz, dem pers<\/strong><strong>\u00f6<\/strong><strong>nlichen, dem k\u00fcnstlerischen Verm\u00e4chtnis von Palucca besch\u00e4ftigt. Ob er wesentliche Ver\u00e4nderungen in den Erkenntnissen benennen kann, etwa zwischen dem Erscheinen der ersten Biografie, \u00bbTanz, Palucca\u00ab (2001) und\u00a0 \u00bbPalucca &#8211; ihr Leben, ihr Tanz\u00ab, fast 20 Jahre sp\u00e4<\/strong><strong>ter?<\/strong><\/p>\n<p>1993 bin ich an die Palucca-Schule gekommen und war erstaunt \u00fcber die sich derartig diametral entgegenstehenden Haltungen zu Palucca. Das hat mich sofort interessiert: Wie kann ein einzelner Mensch soviel Bewunderung und Ablehnung gleicherma\u00dfen auf sich ziehen? Mit Peter Jarchow zusammen, dem damaligen Direktor, konnte ich dann die erste Nachwende-Biografie \u00fcber Palucca ver\u00f6ffentlichen. Ver\u00e4nderungen in der Sicht auf sie kommen selbstverst\u00e4ndlich dadurch zustande, dass die zug\u00e4ngliche Aktenlage sich erweitert und sich unsere Sicht auf Menschen in Geschichte und Gegenwart permanent \u00e4ndert. Das h\u00e4ngt also eher mit uns als mit ihr zusammen.<\/p>\n<figure id=\"attachment_54086\" aria-describedby=\"caption-attachment-54086\" style=\"width: 2560px\" class=\"wp-caption alignnone\"><img loading=\"lazy\" decoding=\"async\" class=\"size-full wp-image-54086\" src=\"https:\/\/www.danceforyou-magazine.com\/wp-content\/uploads\/2022\/01\/img150-scaled.jpg\" alt=\"\" width=\"2560\" height=\"1745\" srcset=\"https:\/\/www.danceforyou-magazine.com\/wp-content\/uploads\/2022\/01\/img150-scaled.jpg 2560w, https:\/\/www.danceforyou-magazine.com\/wp-content\/uploads\/2022\/01\/img150-300x205.jpg 300w, https:\/\/www.danceforyou-magazine.com\/wp-content\/uploads\/2022\/01\/img150-1024x698.jpg 1024w, https:\/\/www.danceforyou-magazine.com\/wp-content\/uploads\/2022\/01\/img150-768x524.jpg 768w, https:\/\/www.danceforyou-magazine.com\/wp-content\/uploads\/2022\/01\/img150-1536x1047.jpg 1536w, https:\/\/www.danceforyou-magazine.com\/wp-content\/uploads\/2022\/01\/img150-2048x1396.jpg 2048w, https:\/\/www.danceforyou-magazine.com\/wp-content\/uploads\/2022\/01\/img150-600x409.jpg 600w\" sizes=\"auto, (max-width: 2560px) 100vw, 2560px\" \/><figcaption id=\"caption-attachment-54086\" class=\"wp-caption-text\">Gret Palucca auf Sandd\u00fcne am Meer . Die Fotografin Ilse Ebel hat Gret Palucca \u00fcber viele Jahre auf der Insel Hiddensee begleitet<\/figcaption><\/figure>\n<p><strong>L\u00e4sst sich absehen, was bleiben wird von dem, was sie k\u00fcnstlerisch geleistet hat, als T\u00e4nzerin der hohen Spr\u00fcnge, vor allem aber als Lehrerin, denn da hat sie ja gewisserma\u00dfen Generationen von T\u00e4nzerinnen und T\u00e4nzern, Choreografinnen, Choreografen, gepr\u00e4<\/strong><strong>gt? <\/strong><\/p>\n<p>Was sie f\u00fcr den Tanz geleistet hat, ist noch nicht im \u00f6ffentlichen Bewusstsein. Sie hat den Tanz in die Moderne gef\u00fchrt, in dem sie die t\u00e4nzerische Form und Struktur an sich ausgestellt hat. Ebenso wie z. B. Kandinsky in der Bildenden Kunst. Viele andere \u2013 auch ihrer und auch unserer Zeit \u2013 benutzen Tanz, um etwas Au\u00dfert\u00e4nzerisches darzustellen, wie man es seit Jahrhunderten aus dem traditionellen Theater kennt.<\/p>\n<p><strong>Aber da es keine eigentliche Dokumentationen gibt, wie steht es um die G\u00fcltigkeit der Erinnerungen\u2026<\/strong>.<\/p>\n<p>Das, was an Dokumenten \u00fcberliefert ist, reicht v\u00f6llig aus f\u00fcr unser Erinnern. Programm-Zettel mit dem Titel \u201eTanz Palucca\u201c zeigen, dass nichts anderes zu erwarten war, als dass Palucca tanzen w\u00fcrde. F\u00fcr die Titel der T\u00e4nze w\u00e4hlte sie z. B. die Bezeichnungen der Musik.<\/p>\n<p>\u00bbStark betont\u00ab oder \u00bbBeschwingt\u00ab oder \u00bbGem\u00e4\u00dfigt \u00abUnd genau das sah dann das Publikum: Palucca stark betont, beschwingt oder gem\u00e4\u00dfigt tanzend. Genial! Es gibt ja auch ungez\u00e4hlte Kritiken, Zeitzeugen-Aussagen, Selbst-Aussagen, Korrespondenz mit ihr und \u00fcber sie, Filme. Ihren Unterricht in den 1960er und 70er Jahren haben der Pianist Peter Jarchow und die P\u00e4dagogin Eva Winkler damals dokumentiert. Diese Dokumentation erscheint demn\u00e4chst wieder. Dieses Mal sogar in einer deutsch-englischen Ausgabe. Und selbst eine \u201eStasi-Akte\u201c \u00fcber sie gibt es.<\/p>\n<p><strong>Lassen sich da verl\u00e4ssliche Aussagen machen, \u00fcber 30 Jahre nach Beendigung ihrer Lehrt\u00e4tigkeit, 31 Jahre nach ihrem Tod, anl\u00e4sslich ihren 120. Geburtstages?<\/strong><\/p>\n<p>Auf jeden Fall. Aussagen zu Vergangenem h\u00e4ngen allerdings immer ma\u00dfgeblich davon ab, welche Fragen wir stellen. Ich denke, wir sollten m\u00f6glichst vorurteilsfrei fragen und dadurch lernen.<\/p>\n<figure id=\"attachment_54087\" aria-describedby=\"caption-attachment-54087\" style=\"width: 702px\" class=\"wp-caption alignnone\"><img loading=\"lazy\" decoding=\"async\" class=\"size-full wp-image-54087\" src=\"https:\/\/www.danceforyou-magazine.com\/wp-content\/uploads\/2022\/01\/img074.jpg\" alt=\"\" width=\"702\" height=\"1110\" srcset=\"https:\/\/www.danceforyou-magazine.com\/wp-content\/uploads\/2022\/01\/img074.jpg 702w, https:\/\/www.danceforyou-magazine.com\/wp-content\/uploads\/2022\/01\/img074-190x300.jpg 190w, https:\/\/www.danceforyou-magazine.com\/wp-content\/uploads\/2022\/01\/img074-648x1024.jpg 648w, https:\/\/www.danceforyou-magazine.com\/wp-content\/uploads\/2022\/01\/img074-300x474.jpg 300w, https:\/\/www.danceforyou-magazine.com\/wp-content\/uploads\/2022\/01\/img074-600x949.jpg 600w\" sizes=\"auto, (max-width: 702px) 100vw, 702px\" \/><figcaption id=\"caption-attachment-54087\" class=\"wp-caption-text\">Palucca lehnt gegen Schneemann. Foto von Ilse Ebel<\/figcaption><\/figure>\n<p><strong>Tanz ist ohnehin die Kunst der Verg\u00e4nglichkeit, in diesem Falle aber eben auch die Art der Ausbildung, in Paluccas Fall wohl eher eine Art der Anregung?<\/strong><\/p>\n<p>Palucca ist durchaus mit Ideen in den Unterricht gekommen, hat dann korrigierend in die Ausf\u00fchrungen der Tanzenden eingegriffen und ist dabei durchaus auch ihr Anfangsthema nochmal von einer anderen Seite angegangen. Es ist eine Frage der Perspektive, dies nun als inkonsequent im Sinne von Nichteinhaltung einer Konzeption zu betrachten oder eben als logisch konsequent im Sinne der Orientierung an den im Moment erkannten Erfordernissen der Stunde und der Studierenden.<\/p>\n<p><strong>Derzeit besch\u00e4ftigen ja weithin Fragen nach politischen Haltungen von K\u00fcnstlerinnen und K\u00fcnstlern die Diskussionen, nicht selten auch mit voreiligen Gleichsetzungen oder vorschnellen Zuordnungen\u2026<\/strong><\/p>\n<p>Es gibt Zeiten, in denen gern schnelle Urteile gef\u00e4llt werden. Mitunter vorschnelle. Vermutlich leben wir gerade in einer solchen Zeit. Ich formuliere, wenn ich \u00fcber Vergangenes schreibe, stets im Pr\u00e4sens, weil ich dadurch den Lesenden die Chance gebe, sich mit der Protagonistin zu entwickeln. Wie viele h\u00e4tten \u2013 eingedenk der Informationslage damals \u2013 das Angebot, an den Olympischen Spielen 1936 in Berlin teilzunehmen, abgelehnt? Und ist man deshalb, weil man es nicht tat, sofort Nationalsozialistin? Man ist heute sicher gut beraten, sich umfassend zu informieren und immer auch die tats\u00e4chlichen Handlungsoptionen der Zeit zu kennen und zu respektieren. Palucca musste sich\u2013 im Sprachgebrauch der Zeit &#8211; als \u201eHalb-J\u00fcdin\u201c vermutlich sehr geschickt verhalten, um das \u201eDritte Reich\u201c, von dem ja niemand wissen konnte, wie lange es existieren w\u00fcrde, \u00fcberstehen zu k\u00f6nnen.<\/p>\n<figure id=\"attachment_54088\" aria-describedby=\"caption-attachment-54088\" style=\"width: 672px\" class=\"wp-caption alignnone\"><img loading=\"lazy\" decoding=\"async\" class=\"size-full wp-image-54088\" src=\"https:\/\/www.danceforyou-magazine.com\/wp-content\/uploads\/2022\/01\/img062.jpg\" alt=\"\" width=\"672\" height=\"1140\" srcset=\"https:\/\/www.danceforyou-magazine.com\/wp-content\/uploads\/2022\/01\/img062.jpg 672w, https:\/\/www.danceforyou-magazine.com\/wp-content\/uploads\/2022\/01\/img062-177x300.jpg 177w, https:\/\/www.danceforyou-magazine.com\/wp-content\/uploads\/2022\/01\/img062-604x1024.jpg 604w, https:\/\/www.danceforyou-magazine.com\/wp-content\/uploads\/2022\/01\/img062-300x509.jpg 300w, https:\/\/www.danceforyou-magazine.com\/wp-content\/uploads\/2022\/01\/img062-600x1018.jpg 600w\" sizes=\"auto, (max-width: 672px) 100vw, 672px\" \/><figcaption id=\"caption-attachment-54088\" class=\"wp-caption-text\">Palucca auf Bank (Gr\u00fc\u00dfe an &#8220;Mitsch&#8221; auf R\u00fcckseite, 1970). Foto von Ilse Ebel<\/figcaption><\/figure>\n<p><strong>L\u00e4sst sich nach umf\u00e4nglicher Forschung, auch nach Sichtung von Dokumenten, Zeitzeugnissen und Korrespondenzen so etwas wie politische Anbiederung oder Zugeh<\/strong><strong>\u00f6<\/strong><strong>rigkeit entdecken oder nachweisen?<\/strong><\/p>\n<p>Auch das ist eine Frage der Perspektive. Palucca hat meines Wissens die N\u00e4he zu den jeweils M\u00e4chtigen nicht gesucht. Da waren andere in s\u00e4mtlichen Systemen, die sie erlebt hat, ganz anders \u201eam Ball\u201c. Sie hatte ein gutes Gesp\u00fcr f\u00fcr Menschen, die sie unterst\u00fctzen w\u00fcrden, damit sie tanzen und unterrichten konnte. Nur das wollte sie meines Erachtens. Mit ihnen ist sie Bindungen ganz unterschiedlicher Art eingegangen.<\/p>\n<p><strong>Oder waren es eben sowohl in der Zeit des Nationalsozialismus als auch in der Zeit des realen Sozialismus in der DDR, eben jene Spr\u00fcnge und Drehungen, Wendungen, die &#8211; mitunter sicherlich geschickt und selbstbezogen &#8211; aber doch der eigenen Existenz und somit der eigenen Kunst, die davon ja nicht zu trennen ist, verbunden?<\/strong><\/p>\n<p>Hier half ihr wieder ihr schon benanntes Tanzkonzept. Einen Tanz wie \u00bbAufschwung\u00ab konnte sie nach der Weltwirtschaftskrise, zu Beginn des Nationalsozialismus und genauso zu Beginn der DDR tanzen. Sie musste \u00fcber Jahrzehnte nichts ver\u00e4ndern, wurde verstanden und war ganz selbstverst\u00e4ndlich Zeitgenossin.<\/p>\n<p><strong>Oder lassen sich gar im Tanz, in der Art des Unterrichtens, der Anregungen f\u00fcr junge, k\u00fcnftige T\u00e4nzerinnen und T\u00e4nzer, auch nonverbale Assoziationen als Reaktionen auf politische Strukturen erkennen, mit denen man umgehen muss, wenn man nicht untergehen will\u2026..<\/strong><\/p>\n<figure id=\"attachment_54089\" aria-describedby=\"caption-attachment-54089\" style=\"width: 1020px\" class=\"wp-caption alignnone\"><img loading=\"lazy\" decoding=\"async\" class=\"size-full wp-image-54089\" src=\"https:\/\/www.danceforyou-magazine.com\/wp-content\/uploads\/2022\/01\/img090.jpg\" alt=\"\" width=\"1020\" height=\"1644\" srcset=\"https:\/\/www.danceforyou-magazine.com\/wp-content\/uploads\/2022\/01\/img090.jpg 1020w, https:\/\/www.danceforyou-magazine.com\/wp-content\/uploads\/2022\/01\/img090-186x300.jpg 186w, https:\/\/www.danceforyou-magazine.com\/wp-content\/uploads\/2022\/01\/img090-635x1024.jpg 635w, https:\/\/www.danceforyou-magazine.com\/wp-content\/uploads\/2022\/01\/img090-768x1238.jpg 768w, https:\/\/www.danceforyou-magazine.com\/wp-content\/uploads\/2022\/01\/img090-953x1536.jpg 953w, https:\/\/www.danceforyou-magazine.com\/wp-content\/uploads\/2022\/01\/img090-300x484.jpg 300w, https:\/\/www.danceforyou-magazine.com\/wp-content\/uploads\/2022\/01\/img090-600x967.jpg 600w\" sizes=\"auto, (max-width: 1020px) 100vw, 1020px\" \/><figcaption id=\"caption-attachment-54089\" class=\"wp-caption-text\">Palucca Nahaufnahme lachend mit Wurzel. Foto von Ilse Ebel<\/figcaption><\/figure>\n<p>Als ich mir die benannte Dokumentation ihres Unterrichts das erste Mal ansehen konnte, habe ich mich zumindest gewundert, wie oft bei ihr im Unterricht offenbar marschiert wurde. Auch Filme geben das wieder. Aber Marschieren war ganz selbstverst\u00e4ndlicher Bestandteil ihrer Lebenswirklichkeit: Vom Kaiserreich \u00fcber 1. und 2. Weltkrieg bis zur Wiederbewaffnung der beiden Deutschlands. Warum sollte sich das nicht in ihrer Kunst und in ihrem Unterricht zeigen?<\/p>\n<p><strong>Auch am 120. Geburtstag sind nicht alle Fragen gekl\u00e4rt, aber wer fragt gewinnt: \u201eWer war diese Frau &#8211; Genie, Heldin, Tyrannin?<\/strong>\u201c<\/p>\n<p>Das sind Zuschreibungen von heute und au\u00dfen. Sie selbst h\u00e4tte sich ganz selbstverst\u00e4ndlich von diesen Beschreibungen ihrer Pers\u00f6nlichkeit distanziert. So kann man auch heute noch viel von ihr lernen. Allein wie sie mit Denunziationen und Angriffen auf ihre Person umgegangen und wie sie im Kampf mit der Politik f\u00fcr eine zeitgem\u00e4\u00dfe Tanzausbildung eingetreten ist, beeindruckt mich immer wieder.<br \/>\n<strong><br \/>\n<\/strong><strong>Fazit: Fragen hilft, Dank an Ralf Stabel, Lesen hilft auch,\u00a0 Empfehlungen aus gegebenem Anlass:<\/strong><\/p>\n<p><strong>Peter Jarchow und Ralf Stabel, \u00bbPalucca, aus ihrem Leben &#8211; \u00fcber ihre Kunst\u00ab (1997); Ralf Stabel, \u00bbTanz, Palucca!\u00ab (2001); Ralf Stabel \u00bbPalucca &#8211; ihr Leben, ihr Tanz\u00ab (2019)<\/strong><strong><br \/>\n<\/strong><strong>Alle B\u00fccher im Henschel-Verlag Berlin<\/strong><strong><br \/>\n<\/strong><\/p>\n<figure id=\"attachment_54085\" aria-describedby=\"caption-attachment-54085\" style=\"width: 882px\" class=\"wp-caption alignnone\"><img loading=\"lazy\" decoding=\"async\" class=\"size-full wp-image-54085\" src=\"https:\/\/www.danceforyou-magazine.com\/wp-content\/uploads\/2022\/01\/Barbara-Morgenstern.jpg\" alt=\"\" width=\"882\" height=\"1200\" srcset=\"https:\/\/www.danceforyou-magazine.com\/wp-content\/uploads\/2022\/01\/Barbara-Morgenstern.jpg 882w, https:\/\/www.danceforyou-magazine.com\/wp-content\/uploads\/2022\/01\/Barbara-Morgenstern-221x300.jpg 221w, https:\/\/www.danceforyou-magazine.com\/wp-content\/uploads\/2022\/01\/Barbara-Morgenstern-753x1024.jpg 753w, https:\/\/www.danceforyou-magazine.com\/wp-content\/uploads\/2022\/01\/Barbara-Morgenstern-768x1045.jpg 768w, https:\/\/www.danceforyou-magazine.com\/wp-content\/uploads\/2022\/01\/Barbara-Morgenstern-300x408.jpg 300w, https:\/\/www.danceforyou-magazine.com\/wp-content\/uploads\/2022\/01\/Barbara-Morgenstern-600x816.jpg 600w\" sizes=\"auto, (max-width: 882px) 100vw, 882px\" \/><figcaption id=\"caption-attachment-54085\" class=\"wp-caption-text\">Foto: Barbara Morgenstern<\/figcaption><\/figure>\n","protected":false},"excerpt":{"rendered":"<p>Wer fragt gewinnt. Handelt es sich um Tanz und Leben einer K\u00fcnstlerin wie Palucca auf jeden Fall. Erinnernde R\u00fcckblicke und produktive Ausblicke an ihrem 120. Geburtstag. Boris Gruhl im Gespr\u00e4ch mit Ralf Stabel &nbsp; Vor 120 Jahren wurde Palucca in M\u00fcnchen geboren. Getauft wurde sie auf den Namen Margarethe Paluka. Sp\u00e4ter wird sie ihren Namen [&hellip;]<\/p>\n","protected":false},"author":5,"featured_media":54094,"comment_status":"closed","ping_status":"closed","sticky":false,"template":"","format":"standard","meta":{"_acf_changed":false,"footnotes":""},"categories":[72],"tags":[],"class_list":["post-54083","post","type-post","status-publish","format-standard","has-post-thumbnail","hentry","category-performance"],"acf":[],"_links":{"self":[{"href":"https:\/\/www.danceforyou-magazine.com\/en\/wp-json\/wp\/v2\/posts\/54083","targetHints":{"allow":["GET"]}}],"collection":[{"href":"https:\/\/www.danceforyou-magazine.com\/en\/wp-json\/wp\/v2\/posts"}],"about":[{"href":"https:\/\/www.danceforyou-magazine.com\/en\/wp-json\/wp\/v2\/types\/post"}],"author":[{"embeddable":true,"href":"https:\/\/www.danceforyou-magazine.com\/en\/wp-json\/wp\/v2\/users\/5"}],"replies":[{"embeddable":true,"href":"https:\/\/www.danceforyou-magazine.com\/en\/wp-json\/wp\/v2\/comments?post=54083"}],"version-history":[{"count":6,"href":"https:\/\/www.danceforyou-magazine.com\/en\/wp-json\/wp\/v2\/posts\/54083\/revisions"}],"predecessor-version":[{"id":54110,"href":"https:\/\/www.danceforyou-magazine.com\/en\/wp-json\/wp\/v2\/posts\/54083\/revisions\/54110"}],"wp:featuredmedia":[{"embeddable":true,"href":"https:\/\/www.danceforyou-magazine.com\/en\/wp-json\/wp\/v2\/media\/54094"}],"wp:attachment":[{"href":"https:\/\/www.danceforyou-magazine.com\/en\/wp-json\/wp\/v2\/media?parent=54083"}],"wp:term":[{"taxonomy":"category","embeddable":true,"href":"https:\/\/www.danceforyou-magazine.com\/en\/wp-json\/wp\/v2\/categories?post=54083"},{"taxonomy":"post_tag","embeddable":true,"href":"https:\/\/www.danceforyou-magazine.com\/en\/wp-json\/wp\/v2\/tags?post=54083"}],"curies":[{"name":"wp","href":"https:\/\/api.w.org\/{rel}","templated":true}]}}