{"id":53558,"date":"2021-09-19T08:36:48","date_gmt":"2021-09-19T08:36:48","guid":{"rendered":"https:\/\/www.danceforyou-magazine.com\/?p=53558"},"modified":"2026-04-16T07:29:02","modified_gmt":"2026-04-16T07:29:02","slug":"geehrt-ivan-liska-und-jiri-kylian","status":"publish","type":"post","link":"https:\/\/www.danceforyou-magazine.com\/en\/geehrt-ivan-liska-und-jiri-kylian\/","title":{"rendered":"Geehrt: Ivan Li\u0161ka und Ji\u0159i Kyli\u00e1n"},"content":{"rendered":"<p>Am 15. September 2021 wurde Ivan Li\u0161ka vom Kulturminister der Tschechischen Republik Lubom\u00edr Zaor\u00e1lek mit der h\u00f6chsten Auszeichnung seines Heimatlandes auf dem Kulturgebiet geehrt &#8211; der Medaille\u00a0 &#8220;ARTIS BOHEMIAE AMICIS &#8220;. Dieser seit 2000 verliehene Preis ehrt K\u00fcnstler, die in besonderem Ma\u00dfe dazu beigetragen haben, tschechisches Kulturgut in der Welt zu verbreiten. Unter den Preistr\u00e4gern fr\u00fcherer Jahre finden sich so illustre Pers\u00f6nlichkeiten wie Ji\u0159i Kyli\u00e1n (2000), Robert Wilson (2014) und Zubin Mehta (2019).<\/p>\n<p>Am 16. September 2021 verlieh der Au\u00dfenminister der Tschechischen Republik, Jakub Kulh\u00e1nek, an Ivan Li\u0161ka den Preis &#8220;GRATIAS AGIT&#8221;. Ausgezeichnet werden jedes Jahr Pers\u00f6nlichkeiten aus Kultur, Wissenschaft und Politik, die f\u00fcr ein gutes Image Tschechiens in der Welt sorgen. In diesem Jahr geh\u00f6ren Ivan Li\u0161ka\u00a0 und Ji\u0159i Kyli\u00e1n\u00a0 zu den Preistr\u00e4gern. Zu den Preistr\u00e4ger*innen fr\u00fcherer Jahre geh\u00f6ren u.a. Madelaine Albright (2006), Milo\u0161 Forman (2007) und Joan Baez (2020).<\/p>\n<figure id=\"attachment_53561\" aria-describedby=\"caption-attachment-53561\" style=\"width: 1920px\" class=\"wp-caption alignnone\"><img loading=\"lazy\" decoding=\"async\" class=\"wp-image-53561 size-full\" src=\"https:\/\/www.danceforyou-magazine.com\/wp-content\/uploads\/2021\/09\/Gratis-Agit_Jiri-Kylian_cIvo-Silhavy.jpg\" alt=\"\" width=\"1920\" height=\"1280\" srcset=\"https:\/\/www.danceforyou-magazine.com\/wp-content\/uploads\/2021\/09\/Gratis-Agit_Jiri-Kylian_cIvo-Silhavy.jpg 1920w, https:\/\/www.danceforyou-magazine.com\/wp-content\/uploads\/2021\/09\/Gratis-Agit_Jiri-Kylian_cIvo-Silhavy-300x200.jpg 300w, https:\/\/www.danceforyou-magazine.com\/wp-content\/uploads\/2021\/09\/Gratis-Agit_Jiri-Kylian_cIvo-Silhavy-1024x683.jpg 1024w, https:\/\/www.danceforyou-magazine.com\/wp-content\/uploads\/2021\/09\/Gratis-Agit_Jiri-Kylian_cIvo-Silhavy-768x512.jpg 768w, https:\/\/www.danceforyou-magazine.com\/wp-content\/uploads\/2021\/09\/Gratis-Agit_Jiri-Kylian_cIvo-Silhavy-1536x1024.jpg 1536w, https:\/\/www.danceforyou-magazine.com\/wp-content\/uploads\/2021\/09\/Gratis-Agit_Jiri-Kylian_cIvo-Silhavy-600x400.jpg 600w\" sizes=\"auto, (max-width: 1920px) 100vw, 1920px\" \/><figcaption id=\"caption-attachment-53561\" class=\"wp-caption-text\">Ji\u0159i Kyli\u00e1n Foto: Ivo \u0160ilhav\u00fd<\/figcaption><\/figure>\n<figure id=\"attachment_53560\" aria-describedby=\"caption-attachment-53560\" style=\"width: 2016px\" class=\"wp-caption alignnone\"><img loading=\"lazy\" decoding=\"async\" class=\"wp-image-53560 size-full\" src=\"https:\/\/www.danceforyou-magazine.com\/wp-content\/uploads\/2021\/09\/Artis-Bohemiae-Amicis_Minister-Kulhanek-Ivan-Liska.jpg\" alt=\"\" width=\"2016\" height=\"1512\" srcset=\"https:\/\/www.danceforyou-magazine.com\/wp-content\/uploads\/2021\/09\/Artis-Bohemiae-Amicis_Minister-Kulhanek-Ivan-Liska.jpg 2016w, https:\/\/www.danceforyou-magazine.com\/wp-content\/uploads\/2021\/09\/Artis-Bohemiae-Amicis_Minister-Kulhanek-Ivan-Liska-300x225.jpg 300w, https:\/\/www.danceforyou-magazine.com\/wp-content\/uploads\/2021\/09\/Artis-Bohemiae-Amicis_Minister-Kulhanek-Ivan-Liska-1024x768.jpg 1024w, https:\/\/www.danceforyou-magazine.com\/wp-content\/uploads\/2021\/09\/Artis-Bohemiae-Amicis_Minister-Kulhanek-Ivan-Liska-768x576.jpg 768w, https:\/\/www.danceforyou-magazine.com\/wp-content\/uploads\/2021\/09\/Artis-Bohemiae-Amicis_Minister-Kulhanek-Ivan-Liska-1536x1152.jpg 1536w, https:\/\/www.danceforyou-magazine.com\/wp-content\/uploads\/2021\/09\/Artis-Bohemiae-Amicis_Minister-Kulhanek-Ivan-Liska-600x450.jpg 600w\" sizes=\"auto, (max-width: 2016px) 100vw, 2016px\" \/><figcaption id=\"caption-attachment-53560\" class=\"wp-caption-text\">Minister Jakub Kulh\u00e1nek und Ivan Li\u0161ka<\/figcaption><\/figure>\n<p>&nbsp;<\/p>\n<p>&nbsp;<\/p>\n<p><em><strong>Ji\u0159i Kyli\u00e1n<\/strong>,\u00a0 illustrer tschechische T\u00e4nzer,\u00a0 Choreograf und Ballettdirektor war 1968 bis 1975 Mitglied des Stuttgarter Balletts. 1975 wurde er Mitdirektor und 1978 bis 1999 alleiniger Direktor des Nederlands Dans Theater (NDT) in Den Haag. Choreograf am Staatsballett Berlin, Bayerischen Staatsballett M\u00fcnchen, an der Bayerischen Staatsoper M\u00fcnchen, S\u00e4chsischen Staatsoper Dresden, in Stuttgart, Saarbr\u00fccken, Wien und Z\u00fcrich, u. a. Seit Anfang der 1970er Jahre kreierte er mehr als 100 Werke, viele davon f\u00fcr das Nederlands Dans Theater.\u00a0 <\/em><em>F\u00fcr seine Arbeit wurde er vielfach geehrt, unter anderem mit dem Titel &#8216;Officer of the Orange Order&#8217;, einem Doktorat an der Juillard School New York, drei Nijinsky Preisen in den Kategorien Bester Choreograph, Beste Compagnie und Bestes St\u00fcck, dem Prix Benoit de la Danse, der Ehrenmedaille des Pr\u00e4sidenten der Tschechischen Republik und der Mitgliedschaft in der Legion d&#8217;honneur in Frankreich. Im Jahr 2008 erhielt er von K\u00f6nigin Beatrix pers\u00f6nlich den Oranje-Orden, einer der h\u00f6chsten Auszeichnungen in den Niederlanden.\u00a0<\/em><em>2009 kreierte Kyli\u00e1n &#8220;Zugv\u00f6gel&#8221; f\u00fcr das Bayerische Staatsballett. Drei Jahre sp\u00e4ter nahm die Compagnie ein weiteres Ballett des tschechischen Choreographen in ihr Repertoire auf: &#8220;Gods and Dogs&#8221;. <\/em><em>2006 drehte er zusammen mit Boris Paval Conen den Film &#8220;Car Men&#8221;.\u00a0<\/em><\/p>\n<p><em><strong>Ivan Li\u0161ka<\/strong>, am 8. November 1950 in Prag geboren, erhielt seine Tanz-Ausbildung am dortigen Konservatorium. Nach dem Abschluss im Jahr 1969 emigrierte er aus seiner Heimat und ging zum Ballett der Deutschen Oper am Rhein in D\u00fcsseldorf. Von 1974 bis 1977 war er Halbsolist beim Ballett der Bayerischen Staatsoper, bevor er als Erster Solist zum Hamburg Ballett ging und dort die Titelrollen in zahlreichen Werken von John Neumeier tanzte und kreierte.\u00a0 Von 1998 bis 2016 leitete er das Bayerische Staatsballett. Seit 2013 ist Ivan Li\u0161ka der Vorstandsvorsitzende der Heinz-Bosl-Stiftung, K\u00fcnstlerischer Leiter des Bayerischen Junior Balletts M\u00fcnchen und stellvertretender Sprecher der Bundesdeutschen Ballett- und Tanzdirektoren Konferenz. Seine Choreografien und Rekonstruktionen des klassischen Balletterbes wurden in Br\u00fcnn, M\u00fcnchen, Helsinki und Boston aufgef\u00fchrt.\u00a0 F\u00fcr seine Weltkarriere wurde er 2012 mit dem Deutschen Tanzpreis ausgezeichnet. 2016 wurde Ivan Li\u0161ka und sein Team den M\u00fcnchner Tanzpreis verliehen. Er ist au\u00dferdem Tr\u00e4ger des Bayerischen Verdienstorden, Maximiliansorden und der bayerischen \u201eEuropa\u201c<strong>&#8211;<\/strong>Medaille.<\/em><\/p>\n","protected":false},"excerpt":{"rendered":"<p>Am 15. September 2021 wurde Ivan Li\u0161ka vom Kulturminister der Tschechischen Republik Lubom\u00edr Zaor\u00e1lek mit der h\u00f6chsten Auszeichnung seines Heimatlandes auf dem Kulturgebiet geehrt &#8211; der Medaille\u00a0 &#8220;ARTIS BOHEMIAE AMICIS &#8220;. Dieser seit 2000 verliehene Preis ehrt K\u00fcnstler, die in besonderem Ma\u00dfe dazu beigetragen haben, tschechisches Kulturgut in der Welt zu verbreiten. Unter den Preistr\u00e4gern [&hellip;]<\/p>\n","protected":false},"author":5,"featured_media":53559,"comment_status":"closed","ping_status":"closed","sticky":false,"template":"","format":"standard","meta":{"_acf_changed":false,"footnotes":""},"categories":[67],"tags":[],"class_list":["post-53558","post","type-post","status-publish","format-standard","has-post-thumbnail","hentry","category-newsroom"],"acf":[],"_links":{"self":[{"href":"https:\/\/www.danceforyou-magazine.com\/en\/wp-json\/wp\/v2\/posts\/53558","targetHints":{"allow":["GET"]}}],"collection":[{"href":"https:\/\/www.danceforyou-magazine.com\/en\/wp-json\/wp\/v2\/posts"}],"about":[{"href":"https:\/\/www.danceforyou-magazine.com\/en\/wp-json\/wp\/v2\/types\/post"}],"author":[{"embeddable":true,"href":"https:\/\/www.danceforyou-magazine.com\/en\/wp-json\/wp\/v2\/users\/5"}],"replies":[{"embeddable":true,"href":"https:\/\/www.danceforyou-magazine.com\/en\/wp-json\/wp\/v2\/comments?post=53558"}],"version-history":[{"count":3,"href":"https:\/\/www.danceforyou-magazine.com\/en\/wp-json\/wp\/v2\/posts\/53558\/revisions"}],"predecessor-version":[{"id":53566,"href":"https:\/\/www.danceforyou-magazine.com\/en\/wp-json\/wp\/v2\/posts\/53558\/revisions\/53566"}],"wp:featuredmedia":[{"embeddable":true,"href":"https:\/\/www.danceforyou-magazine.com\/en\/wp-json\/wp\/v2\/media\/53559"}],"wp:attachment":[{"href":"https:\/\/www.danceforyou-magazine.com\/en\/wp-json\/wp\/v2\/media?parent=53558"}],"wp:term":[{"taxonomy":"category","embeddable":true,"href":"https:\/\/www.danceforyou-magazine.com\/en\/wp-json\/wp\/v2\/categories?post=53558"},{"taxonomy":"post_tag","embeddable":true,"href":"https:\/\/www.danceforyou-magazine.com\/en\/wp-json\/wp\/v2\/tags?post=53558"}],"curies":[{"name":"wp","href":"https:\/\/api.w.org\/{rel}","templated":true}]}}