{"id":51747,"date":"2020-06-29T08:10:34","date_gmt":"2020-06-29T08:10:34","guid":{"rendered":"https:\/\/www.danceforyou-magazine.com\/?p=51747"},"modified":"2026-04-16T11:33:42","modified_gmt":"2026-04-16T11:33:42","slug":"ivy-amista-verabschiedet-sich-nach-19-jahren-als-taenzerin-vom-muenchner-publikum","status":"publish","type":"post","link":"https:\/\/www.danceforyou-magazine.com\/en\/ivy-amista-verabschiedet-sich-nach-19-jahren-als-taenzerin-vom-muenchner-publikum\/","title":{"rendered":"IVY AMISTA VERABSCHIEDET SICH NACH 19 JAHREN ALS T\u00c4NZERIN VOM M\u00dcNCHNER PUBLIKUM"},"content":{"rendered":"<p>Auf Cover von Dance for You Magazine schaffte sie schon 2016. Nach 19 Jahren verabschiedet sich mit Ende dieser Spielzeit die Erste Solistin <a href=\"https:\/\/rdir.inxmail.com\/st-zd.bayern\/d\/d.html?o00bcdqi00b0ku00d0000ms000000000eodmfkoubgc7nrrenzrmekznpvm2633\">Ivy Amista<\/a> von der B\u00fchne und von ihrem Publikum. Seit 2001 beim M\u00fcnchner Ensemble, arbeitete sie sich vom Corps-de-ballet-Mitglied bis zum Principal Dancer nach oben und verk\u00f6rperte in mehr als 300 Vorstellungen rund 50 verschiedene Charaktere. Ob Julia in Shakespeares Liebesdrama, Tatjana in <em>Onegin<\/em> oder Gamzatti in<em> La Bayad\u00e8re<\/em>: Stets \u00fcberzeugte sie mit brillanter Technik und dramatischer Ausdruckskraft. Eine Abschiedsvorstellung konnte aufgrund der Pandemie leider nicht stattfinden. Ein <a href=\"https:\/\/rdir.inxmail.com\/st-zd.bayern\/d\/d.html?o00bcdvq00b0ku00d0000ms000000000eodmfkoubgc7nrrenzrmekzj2se2633\">Portrait<\/a> l\u00e4sst die Karriere der geb\u00fcrtigen Brasilianerin aber nochmals Revue passieren, au\u00dferdem erz\u00e4hlt die zuk\u00fcnftige Ballettmeisterin in einem <a href=\"https:\/\/rdir.inxmail.com\/st-zd.bayern\/d\/d.html?o00bcdxi00b0ku00d0000ms000000000eodmfkoubgc7nrrenzrmekzibr02633\">Interview<\/a> \u00fcber ihre G\u00e4nsehautmomente auf der B\u00fchne, ihre neue Rolle als Mutter und den perfekt pr\u00e4parierten Spitzenschuh.<\/p>\n<p><img loading=\"lazy\" decoding=\"async\" class=\"alignnone size-full wp-image-51749\" src=\"https:\/\/www.danceforyou-magazine.com\/wp-content\/uploads\/2020\/06\/3-Cover-DFY-nr.-70-web-300x424-1.jpg\" alt=\"\" width=\"300\" height=\"424\" srcset=\"https:\/\/www.danceforyou-magazine.com\/wp-content\/uploads\/2020\/06\/3-Cover-DFY-nr.-70-web-300x424-1.jpg 300w, https:\/\/www.danceforyou-magazine.com\/wp-content\/uploads\/2020\/06\/3-Cover-DFY-nr.-70-web-300x424-1-212x300.jpg 212w\" sizes=\"auto, (max-width: 300px) 100vw, 300px\" \/><\/p>\n<p>BIO:<br \/>\nIvy Amista, geboren in Sao Paolo, Brasilien, studierte an der dortigen Camilla-Ballett-Schule. Nach der Teilnahme am IX. Seminario Internacional de danca in Brasilia, bei dem sie die Goldmedaille gewann, erhielt sie im Jahr 2001 ein Stipendium, um in M\u00fcnchen an der Ballett-Akademie\/Heinz-Bosl-Stiftung ihre Ausbildung zu beenden. Nach ihrem Examen wurde sie zur Spielzeit 2001\/2002 Mitglied des Bayerischen Staatsballetts. 2004\/2005 ernannte man sie zur Halbsolistin, zur Spielzeit 2007\/2008 folgte die Bef\u00f6rderung zur Solistin. Seit Beginn der Spielzeit 2014\/2015 tanzt Ivy Amista als Erste Solistin beim Bayerischen Staatsballett. Ivy Amista beendet im Juni 2020 ihre aktive B\u00fchnenkarriere und widmet sich ihrer neuen Aufgabe als Ballettmeisterin beim Bayerischen Staatsballett.<\/p>\n<p class=\"bodytext\"><strong>Auszeichnungen<\/strong><\/p>\n<p>Goldmedaille beim IX. Seminario Internacional de danca in Brasilia<\/p>\n<p>Bayerischer Kunstf\u00f6rderpreis in der Sparte Tanz<\/p>\n<p>Konstanze-Vernon-Preis<\/p>\n<p class=\"bodytext\">Mehr \u00fcber Ivy <a href=\"https:\/\/blog.staatsoper.de\/post\/news\/ivy-amista-verabschiedet-sich-nach-19-jahren-als-taenzerin-vom-muenchner-publikum.html\">HIER<\/a> zu lesen<\/p>\n","protected":false},"excerpt":{"rendered":"<p>Auf Cover von Dance for You Magazine schaffte sie schon 2016. Nach 19 Jahren verabschiedet sich mit Ende dieser Spielzeit die Erste Solistin Ivy Amista von der B\u00fchne und von ihrem Publikum. Seit 2001 beim M\u00fcnchner Ensemble, arbeitete sie sich vom Corps-de-ballet-Mitglied bis zum Principal Dancer nach oben und verk\u00f6rperte in mehr als 300 Vorstellungen [&hellip;]<\/p>\n","protected":false},"author":5,"featured_media":51748,"comment_status":"closed","ping_status":"closed","sticky":false,"template":"","format":"standard","meta":{"_acf_changed":false,"footnotes":""},"categories":[67],"tags":[],"class_list":["post-51747","post","type-post","status-publish","format-standard","has-post-thumbnail","hentry","category-newsroom"],"acf":[],"_links":{"self":[{"href":"https:\/\/www.danceforyou-magazine.com\/en\/wp-json\/wp\/v2\/posts\/51747","targetHints":{"allow":["GET"]}}],"collection":[{"href":"https:\/\/www.danceforyou-magazine.com\/en\/wp-json\/wp\/v2\/posts"}],"about":[{"href":"https:\/\/www.danceforyou-magazine.com\/en\/wp-json\/wp\/v2\/types\/post"}],"author":[{"embeddable":true,"href":"https:\/\/www.danceforyou-magazine.com\/en\/wp-json\/wp\/v2\/users\/5"}],"replies":[{"embeddable":true,"href":"https:\/\/www.danceforyou-magazine.com\/en\/wp-json\/wp\/v2\/comments?post=51747"}],"version-history":[{"count":3,"href":"https:\/\/www.danceforyou-magazine.com\/en\/wp-json\/wp\/v2\/posts\/51747\/revisions"}],"predecessor-version":[{"id":51752,"href":"https:\/\/www.danceforyou-magazine.com\/en\/wp-json\/wp\/v2\/posts\/51747\/revisions\/51752"}],"wp:featuredmedia":[{"embeddable":true,"href":"https:\/\/www.danceforyou-magazine.com\/en\/wp-json\/wp\/v2\/media\/51748"}],"wp:attachment":[{"href":"https:\/\/www.danceforyou-magazine.com\/en\/wp-json\/wp\/v2\/media?parent=51747"}],"wp:term":[{"taxonomy":"category","embeddable":true,"href":"https:\/\/www.danceforyou-magazine.com\/en\/wp-json\/wp\/v2\/categories?post=51747"},{"taxonomy":"post_tag","embeddable":true,"href":"https:\/\/www.danceforyou-magazine.com\/en\/wp-json\/wp\/v2\/tags?post=51747"}],"curies":[{"name":"wp","href":"https:\/\/api.w.org\/{rel}","templated":true}]}}