{"id":51209,"date":"2020-05-13T13:31:29","date_gmt":"2020-05-13T13:31:29","guid":{"rendered":"https:\/\/www.danceforyou-magazine.com\/?p=51209"},"modified":"2026-04-16T11:33:44","modified_gmt":"2026-04-16T11:33:44","slug":"ballettdirektor-ralf-dornen-wird-neuer-intendant-am-theater-vorpommern","status":"publish","type":"post","link":"https:\/\/www.danceforyou-magazine.com\/en\/ballettdirektor-ralf-dornen-wird-neuer-intendant-am-theater-vorpommern\/","title":{"rendered":"Ballettdirektor Ralf D\u00f6rnen wird neuer Intendant am Theater Vorpommern"},"content":{"rendered":"<p>Es ist eine eine gute Nachricht und gleichzeitig ein Novum! Der bisheriger Ballettdirektor Ralf D\u00f6rnen wird neuer Intendant der Theater Vorpommern GmbH. Das Auswahlgremium \u2013 bestehend aus Vertreter*innen des Aufsichtsrates und der Gesellschafterversammlung \u2013 sprach sich einstimmig f\u00fcr den bisherigen Ballettdirektor des Theaters aus. Ralf D\u00f6rnen tritt die Nachfolge von Dirk L\u00f6schner an, dessen Vertrag im Sommer 2021 ausl\u00e4uft. Schon im Vorfeld wird Ralf D\u00f6rnen die Spielzeit 2021\/22 vorbereiten.\u00a0 Insgesamt 55 Bewerberinnen und Bewerber aus dem deutschsprachigen Raum hatten sich um die Intendantenstelle beworben. Die Vorstellungsgespr\u00e4che fanden gestern im Senatssaal des Greifswalder Rathauses statt. Aufgrund der pandemiebedingten Einschr\u00e4nkungen wurde ein Teil der Gespr\u00e4che per Video-Chat gef\u00fchrt.<\/p>\n<p>\u201eWir sind \u00fcber diese Entscheidung sehr gl\u00fccklich\u201c, sagten Greifswalds Oberb\u00fcrgermeister Dr. Stefan Fassbinder, sein Stralsunder Amtskollege Dr. Alexander Badrow sowie Manfred Gerth als 2. stellvertretender Landrat von Vorpommern-R\u00fcgen \u00fcbereinstimmend. Ralf D\u00f6rnen kenne das Theater und seine Sparten seit \u00fcber 20 Jahren wie kein anderer. Alle drei sind sich einig: \u201eRalf D\u00f6rnen ist ein hervorragender Teamspieler und hat eine gro\u00dfe integrierende F\u00e4higkeit. Zudem kennt er den Anspruch und die Bed\u00fcrfnisse des Publikums ganz genau. Deshalb sind wir als Gesellschafter sicher, dass er Spielpl\u00e4ne aufstellen wird, die genau zu unserer Region passen. Ralf D\u00f6rnen ist es gelungen, das Ballett des Theaters Vorpommern zu einer Compagnie zu entwickeln, die weit \u00fcber die Landesgrenzen hinaus Anerkennung genie\u00dft. Seine unglaubliche Kreativit\u00e4t als Chefchoreograph verbunden mit der besonderen Gabe, die T\u00e4nzerinnen und T\u00e4nzer als Ballettdirektor kompetent, feinf\u00fchlig und dennoch bestimmt zu f\u00fchren, hat eine Begeisterung und Liebe f\u00fcr das Ballett erzeugt, welche die Grenzen zwischen Generationen und Regionen mit Leichtigkeit \u00fcberwinden. Die Gesellschafter sind \u00fcberzeugt, dass er ein gutes Gesp\u00fcr nicht nur f\u00fcr das Ballett, sondern f\u00fcr alle vier k\u00fcnstlerischen Sparten hat und es schafft, daraus ein gro\u00dfes Ganzes zum Wohle des Theaters und der Region zu entwickeln.\u201c<\/p>\n<p>Ralf D\u00f6rnen wurde 1960 geboren. Er begann seinen beruflichen Werdegang als T\u00e4nzer, sp\u00e4ter als Solist beim Hamburg Ballett John Neumeier. Bevor er 1997 Ballettdirektor und Chefchoreograph am Theater Vorpommern wurde, arbeitete Ralf D\u00f6rnen als freischaffender Choreograph und Ballettmeister an deutschen B\u00fchnen, aber auch im Ausland wie in Griechenland, Portugal und Senegal. Zwischen 1999 und 2012 war er Gastchoreograph unter anderem am Bayerischen Staatsballett M\u00fcnchen, an der Semperoper Dresden, f\u00fcr das Aalto Ballett Essen und am Nationaltheater Br\u00fcnn (Tschechien).<\/p>\n<p>F\u00fcr seine k\u00fcnstlerische Arbeit und sein soziales und gesellschaftliches Engagement erhielt er zahlreiche Auszeichnungen. 2005 w\u00fcrdigte die Universit\u00e4ts- und Hansestadt Greifswald seine Verdienste mit der Rubenow-Medaille \u2013 der \u00a0h\u00f6chsten Auszeichnung der Stadt. 2009 wurde Ralf D\u00f6rnen f\u00fcr den Deutschen Theaterpreis &#8220;Der FAUST&#8221; in der Kategorie &#8220;Choreographie&#8221; f\u00fcr &#8220;Endstation Sehnsucht&#8221; nominiert. Im Jahr 2016 verlieh ihm der damalige Ministerpr\u00e4sident Erwin Sellering den Kulturpreis des Landes Mecklenburg-Vorpommern.<\/p>\n","protected":false},"excerpt":{"rendered":"<p>Es ist eine eine gute Nachricht und gleichzeitig ein Novum! Der bisheriger Ballettdirektor Ralf D\u00f6rnen wird neuer Intendant der Theater Vorpommern GmbH. Das Auswahlgremium \u2013 bestehend aus Vertreter*innen des Aufsichtsrates und der Gesellschafterversammlung \u2013 sprach sich einstimmig f\u00fcr den bisherigen Ballettdirektor des Theaters aus. Ralf D\u00f6rnen tritt die Nachfolge von Dirk L\u00f6schner an, dessen Vertrag [&hellip;]<\/p>\n","protected":false},"author":5,"featured_media":51210,"comment_status":"closed","ping_status":"closed","sticky":false,"template":"","format":"standard","meta":{"_acf_changed":false,"footnotes":""},"categories":[67],"tags":[],"class_list":["post-51209","post","type-post","status-publish","format-standard","has-post-thumbnail","hentry","category-newsroom"],"acf":[],"_links":{"self":[{"href":"https:\/\/www.danceforyou-magazine.com\/en\/wp-json\/wp\/v2\/posts\/51209","targetHints":{"allow":["GET"]}}],"collection":[{"href":"https:\/\/www.danceforyou-magazine.com\/en\/wp-json\/wp\/v2\/posts"}],"about":[{"href":"https:\/\/www.danceforyou-magazine.com\/en\/wp-json\/wp\/v2\/types\/post"}],"author":[{"embeddable":true,"href":"https:\/\/www.danceforyou-magazine.com\/en\/wp-json\/wp\/v2\/users\/5"}],"replies":[{"embeddable":true,"href":"https:\/\/www.danceforyou-magazine.com\/en\/wp-json\/wp\/v2\/comments?post=51209"}],"version-history":[{"count":1,"href":"https:\/\/www.danceforyou-magazine.com\/en\/wp-json\/wp\/v2\/posts\/51209\/revisions"}],"predecessor-version":[{"id":51211,"href":"https:\/\/www.danceforyou-magazine.com\/en\/wp-json\/wp\/v2\/posts\/51209\/revisions\/51211"}],"wp:featuredmedia":[{"embeddable":true,"href":"https:\/\/www.danceforyou-magazine.com\/en\/wp-json\/wp\/v2\/media\/51210"}],"wp:attachment":[{"href":"https:\/\/www.danceforyou-magazine.com\/en\/wp-json\/wp\/v2\/media?parent=51209"}],"wp:term":[{"taxonomy":"category","embeddable":true,"href":"https:\/\/www.danceforyou-magazine.com\/en\/wp-json\/wp\/v2\/categories?post=51209"},{"taxonomy":"post_tag","embeddable":true,"href":"https:\/\/www.danceforyou-magazine.com\/en\/wp-json\/wp\/v2\/tags?post=51209"}],"curies":[{"name":"wp","href":"https:\/\/api.w.org\/{rel}","templated":true}]}}