{"id":31894,"date":"2019-01-24T11:51:52","date_gmt":"2019-01-24T11:51:52","guid":{"rendered":"https:\/\/www.danceforyou-magazine.com\/?p=31894"},"modified":"2019-01-24T11:51:54","modified_gmt":"2019-01-24T11:51:54","slug":"viengsay-valdes-appointed-deputy-director-of-cubas-national-ballet","status":"publish","type":"post","link":"https:\/\/www.danceforyou-magazine.com\/en\/viengsay-valdes-appointed-deputy-director-of-cubas-national-ballet\/","title":{"rendered":"Viengsay Vald\u00e9s appointed Deputy Director of Cuba&#8217;s National Ballet"},"content":{"rendered":"\n<p> The first dancer of the Ballet Nacional de Cuba (BNC) Viengsay Vald\u00e9s  was appointed deputy director of the company directed by the legendary  Alicia Alonso. <br>&#8220;I am grateful for the trust they have placed in  me, I feel that I can help the dancers in their training and  professional development, I hope to convey security and inspiration to  share that common dream of a united and strong company&#8221; she said to Prensa Latina.<br>According to the official designation of the Ministry  of Culture, Alonso remains the general director of the institution but  Vald\u00e9s would be in charge of artistic decisions.<br>&#8220;I have the best  relations with Alicia, marked above all by respect and admiration. She  always gave me great professional advice in my career and was an idol to  follow, highlighted the dancer whose last performance was precisely a  tribute to the teacher.&#8221; <\/p>\n\n\n\n<figure class=\"wp-block-image\"><img loading=\"lazy\" decoding=\"async\" width=\"1024\" height=\"685\" src=\"https:\/\/www.danceforyou-magazine.com\/wp-content\/uploads\/2019\/01\/Vi-y-Alicia-2009-foto-Boris-Muriedas-1024x685.jpg\" alt=\"\" class=\"wp-image-31896\" srcset=\"https:\/\/www.danceforyou-magazine.com\/wp-content\/uploads\/2019\/01\/Vi-y-Alicia-2009-foto-Boris-Muriedas-1024x685.jpg 1024w, https:\/\/www.danceforyou-magazine.com\/wp-content\/uploads\/2019\/01\/Vi-y-Alicia-2009-foto-Boris-Muriedas-300x201.jpg 300w, https:\/\/www.danceforyou-magazine.com\/wp-content\/uploads\/2019\/01\/Vi-y-Alicia-2009-foto-Boris-Muriedas-600x401.jpg 600w, https:\/\/www.danceforyou-magazine.com\/wp-content\/uploads\/2019\/01\/Vi-y-Alicia-2009-foto-Boris-Muriedas-768x514.jpg 768w, https:\/\/www.danceforyou-magazine.com\/wp-content\/uploads\/2019\/01\/Vi-y-Alicia-2009-foto-Boris-Muriedas.jpg 1280w\" sizes=\"auto, (max-width: 1024px) 100vw, 1024px\" \/><figcaption>Alicia Alonso and Viengsay Vald\u00e9s (Courtesy of Ballet Nacional de Cuba, Boris Muriedas)<\/figcaption><\/figure>\n\n\n\n<figure class=\"wp-block-image\"><img loading=\"lazy\" decoding=\"async\" width=\"1024\" height=\"784\" src=\"https:\/\/www.danceforyou-magazine.com\/wp-content\/uploads\/2019\/01\/ALICIA-ALONSO-y-VIENGSAY-VALDES-005-1024x784.jpg\" alt=\"\" class=\"wp-image-31897\" srcset=\"https:\/\/www.danceforyou-magazine.com\/wp-content\/uploads\/2019\/01\/ALICIA-ALONSO-y-VIENGSAY-VALDES-005-1024x784.jpg 1024w, https:\/\/www.danceforyou-magazine.com\/wp-content\/uploads\/2019\/01\/ALICIA-ALONSO-y-VIENGSAY-VALDES-005-300x230.jpg 300w, https:\/\/www.danceforyou-magazine.com\/wp-content\/uploads\/2019\/01\/ALICIA-ALONSO-y-VIENGSAY-VALDES-005-600x459.jpg 600w, https:\/\/www.danceforyou-magazine.com\/wp-content\/uploads\/2019\/01\/ALICIA-ALONSO-y-VIENGSAY-VALDES-005-768x588.jpg 768w, https:\/\/www.danceforyou-magazine.com\/wp-content\/uploads\/2019\/01\/ALICIA-ALONSO-y-VIENGSAY-VALDES-005.jpg 1280w\" sizes=\"auto, (max-width: 1024px) 100vw, 1024px\" \/><figcaption> <br>Alicia Alonso and Viengsay Vald\u00e9s (Courtesy of Ballet Nacional de Cuba, Boris Muriedas) <\/figcaption><\/figure>\n\n\n\n<p><br>Last October, for health reasons, Alicia Alonso was unable to  participate in the 26th Havana International Ballet Festival. At the closing gala Viengsay Vald\u00e9s paid tribute to  her by performing a piece by choreographer Tania Vergara on a music by  Frank Fern\u00e1ndez entitled ParAlicia by himself. <br><\/p>\n\n\n\n<p>The  Cuban National Ballet (BNC) prima ballerina Viengsay Vald\u00e9s is an icon of the ballet world. Born in Havana, Viengsay Vald\u00e9s began artistic gymnastics at age six and puts her first ballet shoes on at the age of nine, when she began her ballet studies at the Alejo Carpentier  Provincial Ballet School in Havana. At age 15, she continued her studies  at the Escuela Nacional de Arte (ENA). Ramona de S\u00e1a  and Mirtha Hermida were her main ballet professors, the latter being  her main inspiration. While she was still a student she won numerous  prizes and distinctions. In July 1994, Ms. Valdes graduated from the National School of  Art (ENA) with a degree in Dance and Choreography, and gold honors. <\/p>\n\n\n\n<figure class=\"wp-block-image\"><img loading=\"lazy\" decoding=\"async\" width=\"1024\" height=\"607\" src=\"https:\/\/www.danceforyou-magazine.com\/wp-content\/uploads\/2019\/01\/ALICIA-ALONSO-y-VIENGSAY-VALDES-002-1024x607.jpg\" alt=\"\" class=\"wp-image-31898\" srcset=\"https:\/\/www.danceforyou-magazine.com\/wp-content\/uploads\/2019\/01\/ALICIA-ALONSO-y-VIENGSAY-VALDES-002-1024x607.jpg 1024w, https:\/\/www.danceforyou-magazine.com\/wp-content\/uploads\/2019\/01\/ALICIA-ALONSO-y-VIENGSAY-VALDES-002-300x178.jpg 300w, https:\/\/www.danceforyou-magazine.com\/wp-content\/uploads\/2019\/01\/ALICIA-ALONSO-y-VIENGSAY-VALDES-002-600x355.jpg 600w, https:\/\/www.danceforyou-magazine.com\/wp-content\/uploads\/2019\/01\/ALICIA-ALONSO-y-VIENGSAY-VALDES-002-768x455.jpg 768w, https:\/\/www.danceforyou-magazine.com\/wp-content\/uploads\/2019\/01\/ALICIA-ALONSO-y-VIENGSAY-VALDES-002.jpg 1060w\" sizes=\"auto, (max-width: 1024px) 100vw, 1024px\" \/><figcaption> <br>Alicia Alonso and Viengsay Vald\u00e9s (Courtesy of Ballet Nacional de Cuba)  <\/figcaption><\/figure>\n\n\n\n<p><br>According to  the artist, one of her main satisfactions in recent years has been the  opportunity to work closely with the Fernando Alonso National Ballet  School, thanks to continuous invitations from its director and deputy  director, Ramona de S\u00e1a and Marta Iris Fern\u00e1ndez, respectively.<br>&#8220;I  want to continue strengthening the company&#8217;s relations with the school  in favor of the same line of work and the identity of the Cuban dancer&#8221;  said Vald\u00e9s.<br>Last year, the BNC celebrated 70 years of being founded  by Alicia, Fernando and Alberto Alonso, a trilogy of brilliant dancer,  extraordinary master and original choreographer whose joint work  flourished in the renowned Cuban ballet school.<br>Vald\u00e9s,  valued as one of the top figures in Cuban ballet today, has been a  guest artist at the Washington Ballet of the United States; the Ballet  Concierto de Puerto Rico; the Joburg Ballet of South Africa; the Bolshoi  and Mariinski of Russia, among other companies. The Ministry of  Culture of Cuba awarded her the Distinction for National Culture (1999),  the Alejo Carpentier Medal (2003) and the Ra\u00fal G\u00f3mez Garc\u00eda Medal  (2014).<br>Vald\u00e9s was chosen among the 100 best dancers in the world by many international Dance Magazines, and has  taken her art to stages on five continents, thanks to commitments with  the BNC and numerous invitations to world star galas and international  festivals. <\/p>\n","protected":false},"excerpt":{"rendered":"<p>The first dancer of the Ballet Nacional de Cuba (BNC) Viengsay Vald\u00e9s was appointed deputy director of the company directed by the legendary Alicia Alonso. &#8220;I am grateful for the trust they have placed in me, I feel that I can help the dancers in their training and professional development, I hope to convey security [&hellip;]<\/p>\n","protected":false},"author":5,"featured_media":31895,"comment_status":"open","ping_status":"open","sticky":false,"template":"","format":"standard","meta":{"_acf_changed":false,"footnotes":""},"categories":[67],"tags":[],"class_list":["post-31894","post","type-post","status-publish","format-standard","has-post-thumbnail","hentry","category-newsroom"],"acf":[],"_links":{"self":[{"href":"https:\/\/www.danceforyou-magazine.com\/en\/wp-json\/wp\/v2\/posts\/31894","targetHints":{"allow":["GET"]}}],"collection":[{"href":"https:\/\/www.danceforyou-magazine.com\/en\/wp-json\/wp\/v2\/posts"}],"about":[{"href":"https:\/\/www.danceforyou-magazine.com\/en\/wp-json\/wp\/v2\/types\/post"}],"author":[{"embeddable":true,"href":"https:\/\/www.danceforyou-magazine.com\/en\/wp-json\/wp\/v2\/users\/5"}],"replies":[{"embeddable":true,"href":"https:\/\/www.danceforyou-magazine.com\/en\/wp-json\/wp\/v2\/comments?post=31894"}],"version-history":[{"count":1,"href":"https:\/\/www.danceforyou-magazine.com\/en\/wp-json\/wp\/v2\/posts\/31894\/revisions"}],"predecessor-version":[{"id":31899,"href":"https:\/\/www.danceforyou-magazine.com\/en\/wp-json\/wp\/v2\/posts\/31894\/revisions\/31899"}],"wp:featuredmedia":[{"embeddable":true,"href":"https:\/\/www.danceforyou-magazine.com\/en\/wp-json\/wp\/v2\/media\/31895"}],"wp:attachment":[{"href":"https:\/\/www.danceforyou-magazine.com\/en\/wp-json\/wp\/v2\/media?parent=31894"}],"wp:term":[{"taxonomy":"category","embeddable":true,"href":"https:\/\/www.danceforyou-magazine.com\/en\/wp-json\/wp\/v2\/categories?post=31894"},{"taxonomy":"post_tag","embeddable":true,"href":"https:\/\/www.danceforyou-magazine.com\/en\/wp-json\/wp\/v2\/tags?post=31894"}],"curies":[{"name":"wp","href":"https:\/\/api.w.org\/{rel}","templated":true}]}}