{"id":31454,"date":"2018-10-16T07:35:13","date_gmt":"2018-10-16T07:35:13","guid":{"rendered":"https:\/\/www.danceforyou-magazine.com\/?p=31454"},"modified":"2019-01-04T12:56:03","modified_gmt":"2019-01-04T12:56:03","slug":"almas-cinderella-tanzt-4-israelisch-deutsches-festival-im-radialsystem","status":"publish","type":"post","link":"https:\/\/www.danceforyou-magazine.com\/en\/almas-cinderella-tanzt-4-israelisch-deutsches-festival-im-radialsystem\/","title":{"rendered":"Almas Cinderella tanzt! 4. israelisch-deutsches Festival im Radialsystem"},"content":{"rendered":"<p>\u201eDas hat sie alles selbst geschrieben\u201c ruft ein M\u00e4dchen vor mir in der Reihe voller Begeisterung, als die junge Komponistin Alma im hellen Kleid zum Schlussbeifall in die Reihe ihrer gleichaltrigen Protagonisten tritt.<\/p>\n<p>Das 4. israelisch-deutsche ID-Festival widmete sich am vergangenen Wochenende dezidiert der Theater- Tanz- und Musikproduktion der \u201enext generation\u201c. Ein H\u00f6hepunkt war zweifellos die Berliner Urauff\u00fchrung der \u201eCinderella-Ballettsuite\u201c der jungen britischen Komponistin Alma Deutscher interpretiert von der Kinder Ballett Kompanie Berlin in der Choreografie von David Simic.<br \/>\nAlma Deutscher ist ein Ausnahme-Talent, sie begann als Zweij\u00e4hrige mit dem Klavierspiel, gefolgt von Geige und Komposition. Als Solistin spielt sie ihr eigenes Violinkonzert und Klavierkonzert mit&nbsp; renommierten Orchestern. Auch als Komponistin f\u00fchlt sich Alma Deutscher in ihrem Element. Mozart komponierte als Elfj\u00e4hriger seine erste Oper \u201eApollo et Hyacinthus\u201c; im selben Alter startete Erich Wolfgang Korngold mit der Ballett-Pantomime \u201eDer Schneemann\u201c seine Komponistenlaufbahn und Sergej Prokofjew schrieb als Teenager neben ersten Opern die Ballette \u201eAla und Lolly\u201c und \u201eDie Geschichte vom Narren\u201c.<\/p>\n<figure id=\"attachment_31456\" aria-describedby=\"caption-attachment-31456\" style=\"width: 556px\" class=\"wp-caption alignnone\"><img loading=\"lazy\" decoding=\"async\" class=\"size-large wp-image-31456\" src=\"https:\/\/www.danceforyou-magazine.com\/wp-content\/uploads\/2018\/10\/Alma-Deutscher-c-Patrick-H\u00e4rlimann_Presse-556x1024.jpg\" alt=\"\" width=\"556\" height=\"1024\" srcset=\"https:\/\/www.danceforyou-magazine.com\/wp-content\/uploads\/2018\/10\/Alma-Deutscher-c-Patrick-H\u00e4rlimann_Presse-556x1024.jpg 556w, https:\/\/www.danceforyou-magazine.com\/wp-content\/uploads\/2018\/10\/Alma-Deutscher-c-Patrick-H\u00e4rlimann_Presse-300x552.jpg 300w, https:\/\/www.danceforyou-magazine.com\/wp-content\/uploads\/2018\/10\/Alma-Deutscher-c-Patrick-H\u00e4rlimann_Presse-600x1105.jpg 600w, https:\/\/www.danceforyou-magazine.com\/wp-content\/uploads\/2018\/10\/Alma-Deutscher-c-Patrick-H\u00e4rlimann_Presse-163x300.jpg 163w, https:\/\/www.danceforyou-magazine.com\/wp-content\/uploads\/2018\/10\/Alma-Deutscher-c-Patrick-H\u00e4rlimann_Presse-768x1414.jpg 768w, https:\/\/www.danceforyou-magazine.com\/wp-content\/uploads\/2018\/10\/Alma-Deutscher-c-Patrick-H\u00e4rlimann_Presse.jpg 1000w\" sizes=\"auto, (max-width: 556px) 100vw, 556px\" \/><figcaption id=\"caption-attachment-31456\" class=\"wp-caption-text\">Alma Deutscher, Foto von Patrick H\u00fcrlimann<\/figcaption><\/figure>\n<p>Die junge Britin Alma Deutscher, geboren 2005, komponierte zwischen 2013 und 2016 ihre erste abendf\u00fcllende Oper \u201eCinderella\u201c, 2016 uraufgef\u00fchrt im Opernstudio der Wiener Staatsoper (DVD bei Sony Classical)) und wagt einen innovativen dramaturgischen Kunstgriff. Sie wertet die M\u00e4rchenfiguren kr\u00e4ftig auf. Hier muss nicht nur der Schuh zum Fu\u00df passen: Almas Cinderella (Sopran)ist nicht nur sch\u00f6n, sondern auch klug, sie komponiert und der Prinz (Tenor) ist nicht nur sch\u00f6n, sondern klug, er ist ein Poet. In Alma Deutschers Version finden im dramatischen Geschehen letztlich Lyrik und Musik zueinander. Musik und &nbsp;Text gehen im Opernerstling eine gro\u00dfartige mehrfache Symbiose ein. Alma Deutscher pl\u00e4diert mit \u00fcberzeugendem Selbstvertrauen f\u00fcr eine melodische Musiksprache, die zum Herzen spricht. Ihre poetische M\u00e4rchenwelt assimiliert spielerisch Traditionslinien der musikalischen Romantik mit ihren eigenen Klangerfindungen. Alma f\u00fchlt sich Mozarts \u00e4lterer Schwester \u00b4Nannerl\u00b4 verbunden, die auch musizierte und komponierte, doch als M\u00e4dchen nicht gef\u00f6rdert wurde. Mit ihrem pinkfarbenen Springseil, einer Art Fetisch, so erf\u00e4hrt man aus der interessanten BBC-Dokumentation \u201eFinding Cinderella\u201c, f\u00e4ngt sie die T\u00f6ne ein und l\u00e4sst die Melodien singen und tanzen. Verbl\u00fcffend, wie sie musikalische Charaktere entwickelt, Melodien, deren Motive ganz einem poetisch-dramatischen story-telling verpflichtet sind.<\/p>\n<p>Genau das gelingt der \u201eCinderella-Ballettsuite\u201c nicht, denn die blo\u00dfe Herausl\u00f6sung von f\u00fcnf musikalischen Teilen der Oper scheint Almas eigenen Bem\u00fchungen um Musikdramatik entgegen zu wirken. Der musikdramatische Faden geht verloren. Das elfk\u00f6pfige Orchester unter der musikalischen Leitung von Omer Frenkel beginnt mit leiser Violine, bl\u00fcht gleichsam auf, atmet melancholisch-schwerm\u00fctig und schwelgt im Walzertakt. Die Figuren, reduziert auf Cinderella, Prinz, Stiefschwestern und junge T\u00e4nzerinnen auf dem Ball, haben wenig musikalischen wie t\u00e4nzerischen Gestaltungsraum. Sie bleiben Schablonen. Der Choreograf bebildert unter Einbeziehung von Videofilmen nur schlaglichtartig. Von Alma Deutschers Philosophie der Cinderella-Oper ist in dieser altbacken platten Ballett-Variante im Zeitraffer bis zur gegenseitigen Kr\u00f6nung im Finale nichts \u00fcbrig.<\/p>\n<p>Die Liebe zwischen dem Prinzen (Dayo Kramer) und der leichtf\u00fc\u00dfig tanzenden Cinderella (Josephina Mackensen) bleibt Behauptung, da im t\u00e4nzerischen Miteinander nicht entwickelt. Die jungen Damen des Ensembles verf\u00fcgen erfreulicherweise \u00fcber ein beachtliches K\u00f6nnen, Ausstrahlung und Nat\u00fcrlichkeit. Sie interpretieren den klassischen Bewegungskanon auf Spitze mit weichen Armf\u00fchrungen und musikalischer Homogenit\u00e4t.<\/p>\n<figure id=\"attachment_31457\" aria-describedby=\"caption-attachment-31457\" style=\"width: 1024px\" class=\"wp-caption alignnone\"><img loading=\"lazy\" decoding=\"async\" class=\"size-large wp-image-31457\" src=\"https:\/\/www.danceforyou-magazine.com\/wp-content\/uploads\/2018\/10\/074_ID-Festival-_Cinderella-Ballet-Suite-Kinder-Ballett-Kompanie-Berlin-mit-Dayo-Kramer-als-Prinz-und-Josephina-Mackensen-als-Cinderella_13_10_18__\u00a9-Ruthe-Zuntz_ONLINE-1024x683.jpg\" alt=\"\" width=\"1024\" height=\"683\" srcset=\"https:\/\/www.danceforyou-magazine.com\/wp-content\/uploads\/2018\/10\/074_ID-Festival-_Cinderella-Ballet-Suite-Kinder-Ballett-Kompanie-Berlin-mit-Dayo-Kramer-als-Prinz-und-Josephina-Mackensen-als-Cinderella_13_10_18__\u00a9-Ruthe-Zuntz_ONLINE-1024x683.jpg 1024w, https:\/\/www.danceforyou-magazine.com\/wp-content\/uploads\/2018\/10\/074_ID-Festival-_Cinderella-Ballet-Suite-Kinder-Ballett-Kompanie-Berlin-mit-Dayo-Kramer-als-Prinz-und-Josephina-Mackensen-als-Cinderella_13_10_18__\u00a9-Ruthe-Zuntz_ONLINE-300x200.jpg 300w, https:\/\/www.danceforyou-magazine.com\/wp-content\/uploads\/2018\/10\/074_ID-Festival-_Cinderella-Ballet-Suite-Kinder-Ballett-Kompanie-Berlin-mit-Dayo-Kramer-als-Prinz-und-Josephina-Mackensen-als-Cinderella_13_10_18__\u00a9-Ruthe-Zuntz_ONLINE-600x400.jpg 600w, https:\/\/www.danceforyou-magazine.com\/wp-content\/uploads\/2018\/10\/074_ID-Festival-_Cinderella-Ballet-Suite-Kinder-Ballett-Kompanie-Berlin-mit-Dayo-Kramer-als-Prinz-und-Josephina-Mackensen-als-Cinderella_13_10_18__\u00a9-Ruthe-Zuntz_ONLINE-768x512.jpg 768w\" sizes=\"auto, (max-width: 1024px) 100vw, 1024px\" \/><figcaption id=\"caption-attachment-31457\" class=\"wp-caption-text\">Kinder Ballett Kompanie Berlin mit Dayo Kramer als Prinz und Josephina Mackensen als Cinderella \u00a9 Ruthe Zuntz<\/figcaption><\/figure>\n<p>Die Kinder Ballett Kompanie Berlin wurde 2016 vom ehemaligen Staatsballett-T\u00e4nzer und Choreografen David Simic gegr\u00fcndet und bietet, unterst\u00fctzt von F\u00f6rderern und Partner wie dem Staatsballett Berlin, der Deutschen Oper und dem FEZ, seither Kindern zwischen sechs und 18 Jahren Ballett-Unterricht und zahlreiche Auftrittsm\u00f6glichkeiten. J\u00e4hrlich erarbeiten die jungen Hobby-T\u00e4nzerinnen und T\u00e4nzer eine Neuproduktion f\u00fcr ein Kinder-Publikum. Ein fantasievolles Divertissement zu Tschaikowskis \u201e Nussknacker\u201c war hier im Radialsystem neu zu bestaunen.<\/p>\n<p>Befl\u00fcgelt von einem Musikarrangement und einer bezaubernden choreografischen und kost\u00fcmlichen Formgebung feierte die Tanzkunst auf halber Spitze bis zum anspruchsvollen Rosenwalzer ein Fest. Im Dezember gastiert die Kinder Ballett Kompanie mit \u201eNussknacker\u201c traditionell&nbsp; in der Deutschen Oper Berlin.<\/p>\n<p>Eine Sternstunde jugendlicher Kreativit\u00e4t, gez\u00fcndet von Alma Deutscher, von der wir vielleicht in Zukunft eine ganz neue Ballettkomposition geschenkt bekommen.<\/p>\n<p>Karin Schmidt-Feister<\/p>\n","protected":false},"excerpt":{"rendered":"<p>\u201eDas hat sie alles selbst geschrieben\u201c ruft ein M\u00e4dchen vor mir in der Reihe voller Begeisterung, als die junge Komponistin Alma im hellen Kleid zum Schlussbeifall in die Reihe ihrer gleichaltrigen Protagonisten tritt. Das 4. israelisch-deutsche ID-Festival widmete sich am vergangenen Wochenende dezidiert der Theater- Tanz- und Musikproduktion der \u201enext generation\u201c. Ein H\u00f6hepunkt war zweifellos [&hellip;]<\/p>\n","protected":false},"author":5,"featured_media":31455,"comment_status":"open","ping_status":"open","sticky":false,"template":"","format":"standard","meta":{"_acf_changed":false,"footnotes":""},"categories":[67],"tags":[],"class_list":["post-31454","post","type-post","status-publish","format-standard","has-post-thumbnail","hentry","category-newsroom"],"acf":[],"_links":{"self":[{"href":"https:\/\/www.danceforyou-magazine.com\/en\/wp-json\/wp\/v2\/posts\/31454","targetHints":{"allow":["GET"]}}],"collection":[{"href":"https:\/\/www.danceforyou-magazine.com\/en\/wp-json\/wp\/v2\/posts"}],"about":[{"href":"https:\/\/www.danceforyou-magazine.com\/en\/wp-json\/wp\/v2\/types\/post"}],"author":[{"embeddable":true,"href":"https:\/\/www.danceforyou-magazine.com\/en\/wp-json\/wp\/v2\/users\/5"}],"replies":[{"embeddable":true,"href":"https:\/\/www.danceforyou-magazine.com\/en\/wp-json\/wp\/v2\/comments?post=31454"}],"version-history":[{"count":2,"href":"https:\/\/www.danceforyou-magazine.com\/en\/wp-json\/wp\/v2\/posts\/31454\/revisions"}],"predecessor-version":[{"id":31776,"href":"https:\/\/www.danceforyou-magazine.com\/en\/wp-json\/wp\/v2\/posts\/31454\/revisions\/31776"}],"wp:featuredmedia":[{"embeddable":true,"href":"https:\/\/www.danceforyou-magazine.com\/en\/wp-json\/wp\/v2\/media\/31455"}],"wp:attachment":[{"href":"https:\/\/www.danceforyou-magazine.com\/en\/wp-json\/wp\/v2\/media?parent=31454"}],"wp:term":[{"taxonomy":"category","embeddable":true,"href":"https:\/\/www.danceforyou-magazine.com\/en\/wp-json\/wp\/v2\/categories?post=31454"},{"taxonomy":"post_tag","embeddable":true,"href":"https:\/\/www.danceforyou-magazine.com\/en\/wp-json\/wp\/v2\/tags?post=31454"}],"curies":[{"name":"wp","href":"https:\/\/api.w.org\/{rel}","templated":true}]}}