{"id":31266,"date":"2018-08-24T13:18:43","date_gmt":"2018-08-24T13:18:43","guid":{"rendered":"https:\/\/www.danceforyou-magazine.com\/?p=31266"},"modified":"2018-08-24T13:24:02","modified_gmt":"2018-08-24T13:24:02","slug":"farewell-but-new-beginning-marijn-rademaker","status":"publish","type":"post","link":"https:\/\/www.danceforyou-magazine.com\/en\/farewell-but-new-beginning-marijn-rademaker\/","title":{"rendered":"Farewell but new Beginning: Marijn Rademaker"},"content":{"rendered":"<p>Marijn Rademaker, principal dancer with Dutch National Ballet, is ending his dancing career. A chronic knee injury has prompted his decision to stop dancing straightaway. In April this year, Marijn Rademaker won the <em>Grand Prix<\/em> at the <em>DANCE OPEN<\/em> festival in St Petersburg, and in June he was nominated for the prestigious Russian dance award the <em>Benois de la Danse<\/em>, known as the \u2018Oscar of dance\u2019, in the category \u2018best dancer\u2019.<br \/>\nOn Sunday afternoon, 16 September 2018, Marijn will give a farewell performance. He will dance one last time on the stage of Dutch National Opera &amp; Ballet, immediately after the programme <em>The New Classics<\/em>. He will be performing Edward Clug\u2019s <em>Ssss<\/em>\u2026 and joining dancing partner Igone de Jongh in the \u2018white\u2019 pas de deux from <em>La Dame aux Cam\u00e9lias.\u00a0<\/em><br \/>\nFollowing his dancing career, Rademaker will remain with Dutch National Ballet as assistant ballet master.<\/p>\n<figure id=\"attachment_31267\" aria-describedby=\"caption-attachment-31267\" style=\"width: 728px\" class=\"wp-caption alignnone\"><img loading=\"lazy\" decoding=\"async\" class=\"size-large wp-image-31267\" src=\"https:\/\/www.danceforyou-magazine.com\/wp-content\/uploads\/2018\/08\/marijn-728x1024.jpeg\" alt=\"\" width=\"728\" height=\"1024\" srcset=\"https:\/\/www.danceforyou-magazine.com\/wp-content\/uploads\/2018\/08\/marijn.jpeg 728w, https:\/\/www.danceforyou-magazine.com\/wp-content\/uploads\/2018\/08\/marijn-300x422.jpeg 300w, https:\/\/www.danceforyou-magazine.com\/wp-content\/uploads\/2018\/08\/marijn-600x844.jpeg 600w, https:\/\/www.danceforyou-magazine.com\/wp-content\/uploads\/2018\/08\/marijn-213x300.jpeg 213w\" sizes=\"auto, (max-width: 728px) 100vw, 728px\" \/><figcaption id=\"caption-attachment-31267\" class=\"wp-caption-text\">Marijn Rademaker as Armand Duval Photo: Sebastien Galtier<\/figcaption><\/figure>\n<p><strong>Marijn Rademaker<\/strong>: <em>\u201cOf course it\u2019s a real shame that I have to stop dancing early because of a chronic knee injury. But I\u2019ve had a long and wonderful career, on which I can look back with pride and pleasure. Now it\u2019s time to move on, and I\u2019m very happy and proud that I can pass on my experience as an assistant ballet master with Dutch National Ballet\u201d.<\/em><\/p>\n<p><strong>Ted Brandsen<\/strong>, director of Dutch National Ballet says:<br \/>\n<em>\u201cMarijn is the most exceptional Dutch ballet dancer of recent years, and his forced resignation from the stage is a huge blow to me. He\u2019s been extremely unlucky with his injury, which is very sad. I\u2019ll miss his artistry on stage, but unfortunately this is a profession where that sort of thing can happen. But although he\u2019s saying farewell to the stage and the audience, he\u2019s not leaving the profession. I\u2019m happy that Marijn is staying with us and with dance, and that he can pass on his special knowledge to a new generation of dancers. For him, it is a transition to another phase, in which he will be able to give a lot to the ballet world\u201d.<\/em><\/p>\n<figure id=\"attachment_31269\" aria-describedby=\"caption-attachment-31269\" style=\"width: 800px\" class=\"wp-caption alignnone\"><img loading=\"lazy\" decoding=\"async\" class=\"size-full wp-image-31269\" src=\"https:\/\/www.danceforyou-magazine.com\/wp-content\/uploads\/2018\/08\/sm13.jpg\" alt=\"\" width=\"800\" height=\"800\" srcset=\"https:\/\/www.danceforyou-magazine.com\/wp-content\/uploads\/2018\/08\/sm13.jpg 800w, https:\/\/www.danceforyou-magazine.com\/wp-content\/uploads\/2018\/08\/sm13-300x300.jpg 300w, https:\/\/www.danceforyou-magazine.com\/wp-content\/uploads\/2018\/08\/sm13-100x100.jpg 100w, https:\/\/www.danceforyou-magazine.com\/wp-content\/uploads\/2018\/08\/sm13-600x600.jpg 600w, https:\/\/www.danceforyou-magazine.com\/wp-content\/uploads\/2018\/08\/sm13-150x150.jpg 150w, https:\/\/www.danceforyou-magazine.com\/wp-content\/uploads\/2018\/08\/sm13-768x768.jpg 768w, https:\/\/www.danceforyou-magazine.com\/wp-content\/uploads\/2018\/08\/sm13-380x380.jpg 380w\" sizes=\"auto, (max-width: 800px) 100vw, 800px\" \/><figcaption id=\"caption-attachment-31269\" class=\"wp-caption-text\">In Lady of the Camellias with Maria Eichwald. Photo\uff1aKiyonori Hasegawa<\/figcaption><\/figure>\n<p><strong>Marijn Rademaker Biography<\/strong><\/p>\n<p>Marijn Rademaker was born in Nijmegen, Netherlands. He started his ballet training in Nijmegen and continued training at the National Ballet Academy in Amsterdam, Artez in Arnhem and completed his studies at the Royal Conservatory in Den Haag in 2000. In 1999 he won the Grace prize of foundation Dansersfonds \u201879 from Alexandra Radius and Han Ebbelaar.<\/p>\n<p>In 2000, Marijn Rademaker became a member of the Stuttgart Ballet. In 2004 he was promoted to demi soloist. In the season 2006 he was supposed to be promoted to Soloist but after his highly successful debut as Armand in The Lady of the Camellias (John Neumeier), Reid Anderson promoted him immediately to principal dancer on stage after the performance. His repertoire with the Stuttgart Ballet and the Dutch National Ballet include the principal roles in classical ballets like Swan Lake, The Sleeping Beauty, The Nutracker, Don Quijote, Giselle and La Sylphide. Further he danced all the big Cranko ballets main roles like Romeo in Romeo and Juliet, Onegin and Lenski in Onegin, Pertruccio and Lucentio in the Taming of the Shrew, the young man in Poeme de l\u2019extase, E in Initials, Don Jose in Carmen, Hommage a Bolshoi, Legende and Brouillards. More of his repertoire include the principal roles in Balanchine\u2019s Four Temperaments, Emeralds, Violin Concerto, Theme and Variations and Tchaikovsky pas de deux, Jerome Robbins\u2019s Dances at a Gathering and Afternoon of a Faun, Glen Tetley\u2019s Rite of Spring and Pierrot Lunaire, John Neumeier\u2019s Lady of the Camellias, Streetcar named Desire, Fratres and Jago in Othello, Sir Kenneth MacMillan\u2019s The song of the Earth and Requiem, William Forsythe\u2019s Vertiginous Thrill of Exactitude and Work within Work, the melody in Maurice Bejart\u2019s Bolero, and Hans van Manen\u2019s Live, Corps, Frank Bridge Variations, Two pieces for HET, Sarcasm, On the Move, D\u00e9j\u00e0 vu and Trois Gnossiennes, Jiri Kylian\u2019s No More Play, Forgotten Land and Return to a strange land.<br \/>\nHe worked together with many choreographers creating new work such as Wayne McGregor (Eden Eden, Yantra, Nautilus), Marco Goecke (\u00c4ffi, On Velvet), Mauro Bigonzetti (I Fratelli), Christian Spuck (Songs, Lulu, eine Monstretrag\u00f6die, Der Sandmann, Sleepers Chamber, Das Fr\u00e4ulein von S.) and others.<br \/>\nIn 2008 he was named several times in the category \u201eOutstanding Dancer\u201c in Ballettanz, above all for his captivating performance of the villain Jago in John Neumeier\u2019s Othello. Just one year later he was named again twice in the category \u201cBest Dancer\u201d. In 2006 he won the German theatre prize \u201cDer Faust\u201d in the category \u201cBest Performer Dance\u201d. In 2007 he received the honorable German dance prize \u201cFuture\u201d. In July 2009 he was awarded the international dance prize \u201cPremio ApuliArte\u201d and in 2012 the \u201cSpecial Prize\u201d from Foundation Dansersfonds \u201979. In 2018 he was awarded the \u2018Grand Prix\u2019 at the Dance Open Festival in St. Petersburg. That year he was also nominated for the \u2018Prix Benois de la Danse\u2019.<\/p>\n<figure id=\"attachment_31268\" aria-describedby=\"caption-attachment-31268\" style=\"width: 381px\" class=\"wp-caption alignnone\"><img loading=\"lazy\" decoding=\"async\" class=\"size-full wp-image-31268\" src=\"https:\/\/www.danceforyou-magazine.com\/wp-content\/uploads\/2018\/08\/Maurice-B\u00e9jarts-Ga\u00eet\u00e9-parisienne-with-Marijn-Rademaker-photo-by-Stuttgarter-Ballet-381x500.jpg\" alt=\"\" width=\"381\" height=\"500\" srcset=\"https:\/\/www.danceforyou-magazine.com\/wp-content\/uploads\/2018\/08\/Maurice-B\u00e9jarts-Ga\u00eet\u00e9-parisienne-with-Marijn-Rademaker-photo-by-Stuttgarter-Ballet-381x500.jpg 381w, https:\/\/www.danceforyou-magazine.com\/wp-content\/uploads\/2018\/08\/Maurice-B\u00e9jarts-Ga\u00eet\u00e9-parisienne-with-Marijn-Rademaker-photo-by-Stuttgarter-Ballet-381x500-300x394.jpg 300w, https:\/\/www.danceforyou-magazine.com\/wp-content\/uploads\/2018\/08\/Maurice-B\u00e9jarts-Ga\u00eet\u00e9-parisienne-with-Marijn-Rademaker-photo-by-Stuttgarter-Ballet-381x500-229x300.jpg 229w\" sizes=\"auto, (max-width: 381px) 100vw, 381px\" \/><figcaption id=\"caption-attachment-31268\" class=\"wp-caption-text\">Maurice B\u00e9jart\u2019s Ga\u00eet\u00e9 parisienne with Marijn Rademaker \u2013 photo by Stuttgarter Ballet<\/figcaption><\/figure>\n<p>Marijn Rademaker joined the Stuttgart Ballet on tours all around the world. He guested with companies like The Tokyo Ballet, The Hamburg Ballet and the Z\u00fcrich Ballet. Marijn Rademaker is invited to galas all over the world such as The World Ballet Festival in Tokyo, Men in Motion, Roberto Bolle and Friends, Malakhov\u2019s Gift, Nijinsky Gala, Hamburg, Les Etoiles sous les Etoiles and others.<\/p>\n<p>In January 2015 he joined the Dutch National Ballet as a principal dancer. He also worked with the Dutch National Ballet\u2019s junior company and main company as a balletmaster. In 2016 he set Marco Goecke\u2019s \u2018\u00c4ffi\u2019 with the Bundesjugendballett at the Hamburg Ballet.<\/p>\n<p><strong>Farewell program Marijn Rademaker at Dutch National Opera &amp; Ballet<\/strong><br \/>\n<strong>Sun. 16 September 2018, curtain up 14.00\u00a0<\/strong><\/p>\n<p><strong><em>Ssss\u2026<\/em><\/strong><br \/>\nchoreography: Edward Clug<br \/>\nFor performing this solo from Edward Clug\u2019s ballet last April, Marijn received the <em>Grand Prix<\/em>, at the <em>DANCE OPEN<\/em> festival in Sint Petersburg.<\/p>\n<p><strong><em>La Dame aux Cam\u00e9lias<\/em><\/strong>, white pas de deux<br \/>\nchoreography: John Neumeier<br \/>\nStraight after his debut as Armand in <em>La Dame aux Cam\u00e9lias<\/em> in 2006, Marijn was promoted to principal at Stuttgart Ballett. During his farewell program Marijn wil dance the \u2018white pas de deux\u2019 together with his dance partner Igone de Jongh.<\/p>\n<p>The farewell program will be a one-off addition to the regular program <em>The New Classics<\/em> (11 until 25 September) consisting of the ballets <em>Chroma<\/em> (Wayne McGregor), <em>Dances at a Gathering<\/em> (Jerome Robbins) and <em>Serenade after Plato\u2019s Symposium<\/em> (Alexei Ratmansky).<br \/>\n<a href=\"https:\/\/shop.operaballet.nl\/Online\/default.asp?BOparam::WScontent::loadArticle::permalink=ticketsnewclassics18&amp;BOparam::WScontent::loadArticle::context_id=&amp;sessionlanguage=NL\">BUY TICKETS HERE!<\/a><\/p>\n","protected":false},"excerpt":{"rendered":"<p>Marijn Rademaker, principal dancer with Dutch National Ballet, is ending his dancing career. A chronic knee injury has prompted his decision to stop dancing straightaway. In April this year, Marijn Rademaker won the Grand Prix at the DANCE OPEN festival in St Petersburg, and in June he was nominated for the prestigious Russian dance award [&hellip;]<\/p>\n","protected":false},"author":5,"featured_media":31270,"comment_status":"open","ping_status":"open","sticky":false,"template":"","format":"standard","meta":{"_acf_changed":false,"footnotes":""},"categories":[67],"tags":[],"class_list":["post-31266","post","type-post","status-publish","format-standard","has-post-thumbnail","hentry","category-newsroom"],"acf":[],"_links":{"self":[{"href":"https:\/\/www.danceforyou-magazine.com\/en\/wp-json\/wp\/v2\/posts\/31266","targetHints":{"allow":["GET"]}}],"collection":[{"href":"https:\/\/www.danceforyou-magazine.com\/en\/wp-json\/wp\/v2\/posts"}],"about":[{"href":"https:\/\/www.danceforyou-magazine.com\/en\/wp-json\/wp\/v2\/types\/post"}],"author":[{"embeddable":true,"href":"https:\/\/www.danceforyou-magazine.com\/en\/wp-json\/wp\/v2\/users\/5"}],"replies":[{"embeddable":true,"href":"https:\/\/www.danceforyou-magazine.com\/en\/wp-json\/wp\/v2\/comments?post=31266"}],"version-history":[{"count":4,"href":"https:\/\/www.danceforyou-magazine.com\/en\/wp-json\/wp\/v2\/posts\/31266\/revisions"}],"predecessor-version":[{"id":31274,"href":"https:\/\/www.danceforyou-magazine.com\/en\/wp-json\/wp\/v2\/posts\/31266\/revisions\/31274"}],"wp:featuredmedia":[{"embeddable":true,"href":"https:\/\/www.danceforyou-magazine.com\/en\/wp-json\/wp\/v2\/media\/31270"}],"wp:attachment":[{"href":"https:\/\/www.danceforyou-magazine.com\/en\/wp-json\/wp\/v2\/media?parent=31266"}],"wp:term":[{"taxonomy":"category","embeddable":true,"href":"https:\/\/www.danceforyou-magazine.com\/en\/wp-json\/wp\/v2\/categories?post=31266"},{"taxonomy":"post_tag","embeddable":true,"href":"https:\/\/www.danceforyou-magazine.com\/en\/wp-json\/wp\/v2\/tags?post=31266"}],"curies":[{"name":"wp","href":"https:\/\/api.w.org\/{rel}","templated":true}]}}