{"id":31059,"date":"2018-06-25T14:50:37","date_gmt":"2018-06-25T14:50:37","guid":{"rendered":"https:\/\/www.danceforyou-magazine.com\/?p=31059"},"modified":"2018-06-25T14:55:29","modified_gmt":"2018-06-25T14:55:29","slug":"3d-der-3-dimensionale-raum-korper-und-film","status":"publish","type":"post","link":"https:\/\/www.danceforyou-magazine.com\/en\/3d-der-3-dimensionale-raum-korper-und-film\/","title":{"rendered":"3D &#8211; Der 3 Dimensionale Raum, K\u00f6rper und Film"},"content":{"rendered":"<h5><strong>Eine Tanzshow mit international renommierten Tanzakrobaten, Luftartisten, T\u00e4nzern und T\u00e4nzerinnen.<\/strong><\/h5>\n<p>Am vergangenen Samstag haben sich im Kulturhaus in Dornbirn internationale Tanzk\u00fcnstler und K\u00fcnstlerinnen der Frage gewidmet \u201eWarum hat der Raum 3 Dimensionen\u201c. Der Tanz wurde auf den Kopf, auf die Seite und in die H\u00f6he gestellt.<\/p>\n<p>Das zahlreiche Publikum kam aus dem Staunen nicht mehr heraus und war zugleich \u00fcberrascht als auch sprachlos aus welchen Richtungen die Tanzszenen sie in ihren Bann zogen.<\/p>\n<p>Dank der Unterst\u00fctzung von der Dornbirner Sparkasse und den UNIQA Versicherungen haben K\u00fcnstler wie Tamara Kaufmann als Vertikalt\u00e4nzerin, sowie 6 Studenten der Akademie der Wiener Staatsoper die Zuschauer imponiert. Marcelos Dance Company ist mit 8 T\u00e4nzern und T\u00e4nzerinnen aus Brasilien angereist und neben eigens komponierten St\u00fccken hat auch die Dance Art Company mit einer wahnsinnigen LED Show \u00fcberzeugt.<\/p>\n<figure id=\"attachment_31061\" aria-describedby=\"caption-attachment-31061\" style=\"width: 1024px\" class=\"wp-caption alignnone\"><img loading=\"lazy\" decoding=\"async\" class=\"size-large wp-image-31061\" src=\"https:\/\/www.danceforyou-magazine.com\/wp-content\/uploads\/2018\/06\/Sillaber_dancartAbend18_1936-1024x683.jpg\" alt=\"\" width=\"1024\" height=\"683\" srcset=\"https:\/\/www.danceforyou-magazine.com\/wp-content\/uploads\/2018\/06\/Sillaber_dancartAbend18_1936-1024x683.jpg 1024w, https:\/\/www.danceforyou-magazine.com\/wp-content\/uploads\/2018\/06\/Sillaber_dancartAbend18_1936-300x200.jpg 300w, https:\/\/www.danceforyou-magazine.com\/wp-content\/uploads\/2018\/06\/Sillaber_dancartAbend18_1936-600x400.jpg 600w, https:\/\/www.danceforyou-magazine.com\/wp-content\/uploads\/2018\/06\/Sillaber_dancartAbend18_1936-768x512.jpg 768w, https:\/\/www.danceforyou-magazine.com\/wp-content\/uploads\/2018\/06\/Sillaber_dancartAbend18_1936.jpg 1969w\" sizes=\"auto, (max-width: 1024px) 100vw, 1024px\" \/><figcaption id=\"caption-attachment-31061\" class=\"wp-caption-text\">Foto Dance Art Donbirn<\/figcaption><\/figure>\n<p>Ein 10 Minuten anhaltender, tosender Applaus und eine \u00fcberw\u00e4ltigende Stimmung waren am Ende der gro\u00dfartigen Show der Lohn f\u00fcr alle K\u00fcnstler und K\u00fcnstlerinnen.<\/p>\n<p>Wir freuen uns auf das n\u00e4chste Jahr, wenn es hei\u00dft \u201eShow your Colours\u201c Dance Art goes World Gymnaestrada 2019!<\/p>\n<p><em>Quelle: Dance Art Dorbirn\u00a0<\/em><\/p>\n","protected":false},"excerpt":{"rendered":"<p>Eine Tanzshow mit international renommierten Tanzakrobaten, Luftartisten, T\u00e4nzern und T\u00e4nzerinnen. Am vergangenen Samstag haben sich im Kulturhaus in Dornbirn internationale Tanzk\u00fcnstler und K\u00fcnstlerinnen der Frage gewidmet \u201eWarum hat der Raum 3 Dimensionen\u201c. Der Tanz wurde auf den Kopf, auf die Seite und in die H\u00f6he gestellt. Das zahlreiche Publikum kam aus dem Staunen nicht mehr [&hellip;]<\/p>\n","protected":false},"author":5,"featured_media":31060,"comment_status":"open","ping_status":"open","sticky":false,"template":"","format":"standard","meta":{"_acf_changed":false,"footnotes":""},"categories":[67],"tags":[],"class_list":["post-31059","post","type-post","status-publish","format-standard","has-post-thumbnail","hentry","category-newsroom"],"acf":[],"_links":{"self":[{"href":"https:\/\/www.danceforyou-magazine.com\/en\/wp-json\/wp\/v2\/posts\/31059","targetHints":{"allow":["GET"]}}],"collection":[{"href":"https:\/\/www.danceforyou-magazine.com\/en\/wp-json\/wp\/v2\/posts"}],"about":[{"href":"https:\/\/www.danceforyou-magazine.com\/en\/wp-json\/wp\/v2\/types\/post"}],"author":[{"embeddable":true,"href":"https:\/\/www.danceforyou-magazine.com\/en\/wp-json\/wp\/v2\/users\/5"}],"replies":[{"embeddable":true,"href":"https:\/\/www.danceforyou-magazine.com\/en\/wp-json\/wp\/v2\/comments?post=31059"}],"version-history":[{"count":3,"href":"https:\/\/www.danceforyou-magazine.com\/en\/wp-json\/wp\/v2\/posts\/31059\/revisions"}],"predecessor-version":[{"id":31064,"href":"https:\/\/www.danceforyou-magazine.com\/en\/wp-json\/wp\/v2\/posts\/31059\/revisions\/31064"}],"wp:featuredmedia":[{"embeddable":true,"href":"https:\/\/www.danceforyou-magazine.com\/en\/wp-json\/wp\/v2\/media\/31060"}],"wp:attachment":[{"href":"https:\/\/www.danceforyou-magazine.com\/en\/wp-json\/wp\/v2\/media?parent=31059"}],"wp:term":[{"taxonomy":"category","embeddable":true,"href":"https:\/\/www.danceforyou-magazine.com\/en\/wp-json\/wp\/v2\/categories?post=31059"},{"taxonomy":"post_tag","embeddable":true,"href":"https:\/\/www.danceforyou-magazine.com\/en\/wp-json\/wp\/v2\/tags?post=31059"}],"curies":[{"name":"wp","href":"https:\/\/api.w.org\/{rel}","templated":true}]}}